{"id":10308,"date":"2025-07-25T13:23:15","date_gmt":"2025-07-25T11:23:15","guid":{"rendered":"https:\/\/smakivera.pl\/?p=10308"},"modified":"2026-03-18T14:30:06","modified_gmt":"2026-03-18T13:30:06","slug":"baked-chickpeas-with-feta","status":"publish","type":"post","link":"https:\/\/smakivera.pl\/en\/baked-chickpeas-with-feta\/","title":{"rendered":"Baked chickpeas with feta"},"content":{"rendered":"<div class=\"pdfprnt-buttons pdfprnt-buttons-post pdfprnt-top-left\"><a href=\"https:\/\/smakivera.pl\/en\/wp-json\/wp\/v2\/posts\/10308?print=pdf\" class=\"pdfprnt-button pdfprnt-button-pdf\" target=\"_blank\"><\/a><a href=\"https:\/\/smakivera.pl\/en\/wp-json\/wp\/v2\/posts\/10308?print=print\" class=\"pdfprnt-button pdfprnt-button-print\" target=\"_blank\"><img decoding=\"async\" src=\"https:\/\/smakivera.pl\/wp-content\/plugins\/pdf-print\/images\/print.png\" alt=\"image_print\" title=\"Print Content\" \/><\/a><\/div><p><strong>Ingredients<\/strong><\/p>\n<p>can of sliced VERA tomatoes<br \/>\nchickpeas in VERA marinade<br \/>\nVERA extra virgin oil<br \/>\n1\/4 teaspoon sweet paprika<br \/>\nsalt, pepper<br \/>\noregano<br \/>\na cube of feta cheese<br \/>\nhandful of rocket<br \/>\ngreen VERA stoned olives (optional)<\/p>\n<p><strong>Preparation<\/strong><br \/>\nPour the tomatoes onto the baking tray and season with salt, pepper and fresh oregano. In a bowl, mix the drained chickpeas with the olive oil, salt, pepper and paprika. Spread the chickpeas over the tomatoes, crumble the feta on top. Bake for about 15 minutes at 200\u00b0C. Once removed, sprinkle with arugula, fresh oregano and - if you like - add olives. Serve with your favourite flatbread or just as you like it!<\/p>","protected":false},"excerpt":{"rendered":"<p>Ingredients tin of cherry tomatoes VERA chickpeas in VERA extra virgin olive oil VERA 1 teaspoon sweet paprika salt, pepper oregano cubed feta cheese handful of rocket green olives VERA stoned olives (optional) Method Pour the tomatoes onto a baking tray and season with salt, pepper and fresh oregano. Mix the drained chickpeas with the oil, salt, pepper and paprika in a bowl. Sprinkle the chickpeas [...].<\/p>","protected":false},"author":1,"featured_media":10310,"comment_status":"closed","ping_status":"closed","sticky":false,"template":"","format":"standard","meta":{"footnotes":""},"categories":[2,63,60],"tags":[],"class_list":["post-10308","post","type-post","status-publish","format-standard","has-post-thumbnail","hentry","category-kategoria-kulinarne-inspiracje","category-na-lunch","category-na-przekaske"],"yoast_head":"<!-- This site is optimized with the Yoast SEO plugin v26.5 - https:\/\/yoast.com\/wordpress\/plugins\/seo\/ -->\n<title>Zapiekana ciecierzyca z fet\u0105 - VERA - Ca\u0142y \u015bwiat w Twojej Kuchni<\/title>\n<meta name=\"description\" content=\"Niespodziewani go\u015bcie pukaj\u0105 do drzwi? Zr\u00f3b zapiekan\u0105 ciecierzyc\u0119 z fet\u0105 i zachwy\u0107 wszystkich jej niebanalnym smakiem! | Smaki Vera\" \/>\n<meta name=\"robots\" content=\"index, follow, max-snippet:-1, max-image-preview:large, max-video-preview:-1\" \/>\n<link rel=\"canonical\" href=\"https:\/\/smakivera.pl\/en\/baked-chickpeas-with-feta\/\" \/>\n<meta property=\"og:locale\" content=\"en_GB\" \/>\n<meta property=\"og:type\" content=\"article\" \/>\n<meta property=\"og:title\" content=\"Zapiekana ciecierzyca z fet\u0105 - VERA - Ca\u0142y \u015bwiat w Twojej Kuchni\" \/>\n<meta property=\"og:description\" content=\"Niespodziewani go\u015bcie pukaj\u0105 do drzwi? Zr\u00f3b zapiekan\u0105 ciecierzyc\u0119 z fet\u0105 i zachwy\u0107 wszystkich jej niebanalnym smakiem! | Smaki Vera\" \/>\n<meta property=\"og:url\" content=\"https:\/\/smakivera.pl\/en\/baked-chickpeas-with-feta\/\" \/>\n<meta property=\"og:site_name\" content=\"VERA - Ca\u0142y \u015bwiat w Twojej Kuchni\" \/>\n<meta property=\"article:publisher\" content=\"https:\/\/www.facebook.com\/smakivera\" \/>\n<meta property=\"article:published_time\" content=\"2025-07-25T11:23:15+00:00\" \/>\n<meta property=\"article:modified_time\" content=\"2026-03-18T13:30:06+00:00\" \/>\n<meta property=\"og:image\" content=\"https:\/\/smakivera.pl\/wp-content\/uploads\/2025\/07\/zapiekana-ciecierzyca-feta.jpg\" \/>\n\t<meta property=\"og:image:width\" content=\"1200\" \/>\n\t<meta property=\"og:image:height\" content=\"800\" \/>\n\t<meta property=\"og:image:type\" content=\"image\/jpeg\" \/>\n<meta name=\"author\" content=\"veradmn\" \/>\n<meta name=\"twitter:card\" content=\"summary_large_image\" \/>\n<meta name=\"twitter:label1\" content=\"Written by\" \/>\n\t<meta name=\"twitter:data1\" content=\"veradmn\" \/>\n\t<meta name=\"twitter:label2\" content=\"Estimated reading time\" \/>\n\t<meta name=\"twitter:data2\" content=\"1 minute\" \/>\n<script type=\"application\/ld+json\" class=\"yoast-schema-graph\">{\"@context\":\"https:\/\/schema.org\",\"@graph\":[{\"@type\":\"Article\",\"@id\":\"https:\/\/smakivera.pl\/zapiekana-ciecierzyca-z-feta\/#article\",\"isPartOf\":{\"@id\":\"https:\/\/smakivera.pl\/zapiekana-ciecierzyca-z-feta\/\"},\"author\":{\"name\":\"veradmn\",\"@id\":\"https:\/\/smakivera.pl\/#\/schema\/person\/b887003a4f394080457d8357307cf22e\"},\"headline\":\"Zapiekana ciecierzyca z fet\u0105\",\"datePublished\":\"2025-07-25T11:23:15+00:00\",\"dateModified\":\"2026-03-18T13:30:06+00:00\",\"mainEntityOfPage\":{\"@id\":\"https:\/\/smakivera.pl\/zapiekana-ciecierzyca-z-feta\/\"},\"wordCount\":102,\"publisher\":{\"@id\":\"https:\/\/smakivera.pl\/#organization\"},\"image\":{\"@id\":\"https:\/\/smakivera.pl\/zapiekana-ciecierzyca-z-feta\/#primaryimage\"},\"thumbnailUrl\":\"https:\/\/smakivera.pl\/wp-content\/uploads\/2025\/07\/zapiekana-ciecierzyca-feta.jpg\",\"articleSection\":[\"Kulinarne inspiracje\",\"Na lunch\",\"Na przek\u0105sk\u0119\"],\"inLanguage\":\"en-GB\"},{\"@type\":\"WebPage\",\"@id\":\"https:\/\/smakivera.pl\/zapiekana-ciecierzyca-z-feta\/\",\"url\":\"https:\/\/smakivera.pl\/zapiekana-ciecierzyca-z-feta\/\",\"name\":\"Zapiekana ciecierzyca z fet\u0105 - VERA - Ca\u0142y \u015bwiat w Twojej Kuchni\",\"isPartOf\":{\"@id\":\"https:\/\/smakivera.pl\/#website\"},\"primaryImageOfPage\":{\"@id\":\"https:\/\/smakivera.pl\/zapiekana-ciecierzyca-z-feta\/#primaryimage\"},\"image\":{\"@id\":\"https:\/\/smakivera.pl\/zapiekana-ciecierzyca-z-feta\/#primaryimage\"},\"thumbnailUrl\":\"https:\/\/smakivera.pl\/wp-content\/uploads\/2025\/07\/zapiekana-ciecierzyca-feta.jpg\",\"datePublished\":\"2025-07-25T11:23:15+00:00\",\"dateModified\":\"2026-03-18T13:30:06+00:00\",\"description\":\"Niespodziewani go\u015bcie pukaj\u0105 do drzwi? Zr\u00f3b zapiekan\u0105 ciecierzyc\u0119 z fet\u0105 i zachwy\u0107 wszystkich jej niebanalnym smakiem! | Smaki Vera\",\"breadcrumb\":{\"@id\":\"https:\/\/smakivera.pl\/zapiekana-ciecierzyca-z-feta\/#breadcrumb\"},\"inLanguage\":\"en-GB\",\"potentialAction\":[{\"@type\":\"ReadAction\",\"target\":[\"https:\/\/smakivera.pl\/zapiekana-ciecierzyca-z-feta\/\"]}]},{\"@type\":\"ImageObject\",\"inLanguage\":\"en-GB\",\"@id\":\"https:\/\/smakivera.pl\/zapiekana-ciecierzyca-z-feta\/#primaryimage\",\"url\":\"https:\/\/smakivera.pl\/wp-content\/uploads\/2025\/07\/zapiekana-ciecierzyca-feta.jpg\",\"contentUrl\":\"https:\/\/smakivera.pl\/wp-content\/uploads\/2025\/07\/zapiekana-ciecierzyca-feta.jpg\",\"width\":1200,\"height\":800,\"caption\":\"Zapiekana ciecierzyca z fet\u0105\"},{\"@type\":\"BreadcrumbList\",\"@id\":\"https:\/\/smakivera.pl\/zapiekana-ciecierzyca-z-feta\/#breadcrumb\",\"itemListElement\":[{\"@type\":\"ListItem\",\"position\":1,\"name\":\"Strona g\u0142\u00f3wna\",\"item\":\"https:\/\/smakivera.pl\/\"},{\"@type\":\"ListItem\",\"position\":2,\"name\":\"Zapiekana ciecierzyca z fet\u0105\"}]},{\"@type\":\"WebSite\",\"@id\":\"https:\/\/smakivera.pl\/#website\",\"url\":\"https:\/\/smakivera.pl\/\",\"name\":\"VERA - Ca\u0142y \u015bwiat w Twojej Kuchni\",\"description\":\"Udaj si\u0119 z nami w kulinarn\u0105 podr\u00f3\u017c... do s\u0142onecznej Hiszpanii po pyszne oliwy, do W\u0142och po pachn\u0105ce pomidory, a mo\u017ce do Indii po tropikalne owoce?\",\"publisher\":{\"@id\":\"https:\/\/smakivera.pl\/#organization\"},\"potentialAction\":[{\"@type\":\"SearchAction\",\"target\":{\"@type\":\"EntryPoint\",\"urlTemplate\":\"https:\/\/smakivera.pl\/?s={search_term_string}\"},\"query-input\":{\"@type\":\"PropertyValueSpecification\",\"valueRequired\":true,\"valueName\":\"search_term_string\"}}],\"inLanguage\":\"en-GB\"},{\"@type\":\"Organization\",\"@id\":\"https:\/\/smakivera.pl\/#organization\",\"name\":\"VERA - Zapro\u015b ca\u0142y \u015bwiat do swojej kuchni\",\"url\":\"https:\/\/smakivera.pl\/\",\"logo\":{\"@type\":\"ImageObject\",\"inLanguage\":\"en-GB\",\"@id\":\"https:\/\/smakivera.pl\/#\/schema\/logo\/image\/\",\"url\":\"https:\/\/smakivera.pl\/wp-content\/uploads\/2021\/02\/vera-gastronomia.png\",\"contentUrl\":\"https:\/\/smakivera.pl\/wp-content\/uploads\/2021\/02\/vera-gastronomia.png\",\"width\":200,\"height\":200,\"caption\":\"VERA - Zapro\u015b ca\u0142y \u015bwiat do swojej kuchni\"},\"image\":{\"@id\":\"https:\/\/smakivera.pl\/#\/schema\/logo\/image\/\"},\"sameAs\":[\"https:\/\/www.facebook.com\/smakivera\",\"https:\/\/www.instagram.com\/smakivera\/\",\"https:\/\/pl.pinterest.com\/smakivera\"]},{\"@type\":\"Person\",\"@id\":\"https:\/\/smakivera.pl\/#\/schema\/person\/b887003a4f394080457d8357307cf22e\",\"name\":\"veradmn\",\"image\":{\"@type\":\"ImageObject\",\"inLanguage\":\"en-GB\",\"@id\":\"https:\/\/smakivera.pl\/#\/schema\/person\/image\/\",\"url\":\"https:\/\/secure.gravatar.com\/avatar\/edc26caae6d3ca5e735ed5d070aecf6e10266738e4addc0d92b44360a0365c34?s=96&d=mm&r=g\",\"contentUrl\":\"https:\/\/secure.gravatar.com\/avatar\/edc26caae6d3ca5e735ed5d070aecf6e10266738e4addc0d92b44360a0365c34?s=96&d=mm&r=g\",\"caption\":\"veradmn\"},\"sameAs\":[\"https:\/\/smakivera.pl\"],\"url\":\"https:\/\/smakivera.pl\/en\/author\/veradmn\/\"}]}<\/script>\n<!-- \/ Yoast SEO plugin. -->","yoast_head_json":{"title":"Baked chickpeas with feta - VERA - The whole world in your kitchen","description":"Unexpected guests knocking at the door? Make baked chickpeas with feta and delight everyone with its unusual taste! | Flavours of Vera","robots":{"index":"index","follow":"follow","max-snippet":"max-snippet:-1","max-image-preview":"max-image-preview:large","max-video-preview":"max-video-preview:-1"},"canonical":"https:\/\/smakivera.pl\/en\/baked-chickpeas-with-feta\/","og_locale":"en_GB","og_type":"article","og_title":"Zapiekana ciecierzyca z fet\u0105 - VERA - Ca\u0142y \u015bwiat w Twojej Kuchni","og_description":"Niespodziewani go\u015bcie pukaj\u0105 do drzwi? Zr\u00f3b zapiekan\u0105 ciecierzyc\u0119 z fet\u0105 i zachwy\u0107 wszystkich jej niebanalnym smakiem! | Smaki Vera","og_url":"https:\/\/smakivera.pl\/en\/baked-chickpeas-with-feta\/","og_site_name":"VERA - Ca\u0142y \u015bwiat w Twojej Kuchni","article_publisher":"https:\/\/www.facebook.com\/smakivera","article_published_time":"2025-07-25T11:23:15+00:00","article_modified_time":"2026-03-18T13:30:06+00:00","og_image":[{"width":1200,"height":800,"url":"https:\/\/smakivera.pl\/wp-content\/uploads\/2025\/07\/zapiekana-ciecierzyca-feta.jpg","type":"image\/jpeg"}],"author":"veradmn","twitter_card":"summary_large_image","twitter_misc":{"Written by":"veradmn","Estimated reading time":"1 minute"},"schema":{"@context":"https:\/\/schema.org","@graph":[{"@type":"Article","@id":"https:\/\/smakivera.pl\/zapiekana-ciecierzyca-z-feta\/#article","isPartOf":{"@id":"https:\/\/smakivera.pl\/zapiekana-ciecierzyca-z-feta\/"},"author":{"name":"veradmn","@id":"https:\/\/smakivera.pl\/#\/schema\/person\/b887003a4f394080457d8357307cf22e"},"headline":"Zapiekana ciecierzyca z fet\u0105","datePublished":"2025-07-25T11:23:15+00:00","dateModified":"2026-03-18T13:30:06+00:00","mainEntityOfPage":{"@id":"https:\/\/smakivera.pl\/zapiekana-ciecierzyca-z-feta\/"},"wordCount":102,"publisher":{"@id":"https:\/\/smakivera.pl\/#organization"},"image":{"@id":"https:\/\/smakivera.pl\/zapiekana-ciecierzyca-z-feta\/#primaryimage"},"thumbnailUrl":"https:\/\/smakivera.pl\/wp-content\/uploads\/2025\/07\/zapiekana-ciecierzyca-feta.jpg","articleSection":["Kulinarne inspiracje","Na lunch","Na przek\u0105sk\u0119"],"inLanguage":"en-GB"},{"@type":"WebPage","@id":"https:\/\/smakivera.pl\/zapiekana-ciecierzyca-z-feta\/","url":"https:\/\/smakivera.pl\/zapiekana-ciecierzyca-z-feta\/","name":"Baked chickpeas with feta - VERA - The whole world in your kitchen","isPartOf":{"@id":"https:\/\/smakivera.pl\/#website"},"primaryImageOfPage":{"@id":"https:\/\/smakivera.pl\/zapiekana-ciecierzyca-z-feta\/#primaryimage"},"image":{"@id":"https:\/\/smakivera.pl\/zapiekana-ciecierzyca-z-feta\/#primaryimage"},"thumbnailUrl":"https:\/\/smakivera.pl\/wp-content\/uploads\/2025\/07\/zapiekana-ciecierzyca-feta.jpg","datePublished":"2025-07-25T11:23:15+00:00","dateModified":"2026-03-18T13:30:06+00:00","description":"Unexpected guests knocking at the door? Make baked chickpeas with feta and delight everyone with its unusual taste! | Flavours of Vera","breadcrumb":{"@id":"https:\/\/smakivera.pl\/zapiekana-ciecierzyca-z-feta\/#breadcrumb"},"inLanguage":"en-GB","potentialAction":[{"@type":"ReadAction","target":["https:\/\/smakivera.pl\/zapiekana-ciecierzyca-z-feta\/"]}]},{"@type":"ImageObject","inLanguage":"en-GB","@id":"https:\/\/smakivera.pl\/zapiekana-ciecierzyca-z-feta\/#primaryimage","url":"https:\/\/smakivera.pl\/wp-content\/uploads\/2025\/07\/zapiekana-ciecierzyca-feta.jpg","contentUrl":"https:\/\/smakivera.pl\/wp-content\/uploads\/2025\/07\/zapiekana-ciecierzyca-feta.jpg","width":1200,"height":800,"caption":"Zapiekana ciecierzyca z fet\u0105"},{"@type":"BreadcrumbList","@id":"https:\/\/smakivera.pl\/zapiekana-ciecierzyca-z-feta\/#breadcrumb","itemListElement":[{"@type":"ListItem","position":1,"name":"Strona g\u0142\u00f3wna","item":"https:\/\/smakivera.pl\/"},{"@type":"ListItem","position":2,"name":"Zapiekana ciecierzyca z fet\u0105"}]},{"@type":"WebSite","@id":"https:\/\/smakivera.pl\/#website","url":"https:\/\/smakivera.pl\/","name":"VERA - A whole world in your kitchen","description":"Come with us on a culinary journey... to sunny Spain for delicious oils, to Italy for fragrant tomatoes, or perhaps to India for tropical fruits?","publisher":{"@id":"https:\/\/smakivera.pl\/#organization"},"potentialAction":[{"@type":"SearchAction","target":{"@type":"EntryPoint","urlTemplate":"https:\/\/smakivera.pl\/?s={search_term_string}"},"query-input":{"@type":"PropertyValueSpecification","valueRequired":true,"valueName":"search_term_string"}}],"inLanguage":"en-GB"},{"@type":"Organization","@id":"https:\/\/smakivera.pl\/#organization","name":"VERA - Invite the whole world into your kitchen","url":"https:\/\/smakivera.pl\/","logo":{"@type":"ImageObject","inLanguage":"en-GB","@id":"https:\/\/smakivera.pl\/#\/schema\/logo\/image\/","url":"https:\/\/smakivera.pl\/wp-content\/uploads\/2021\/02\/vera-gastronomia.png","contentUrl":"https:\/\/smakivera.pl\/wp-content\/uploads\/2021\/02\/vera-gastronomia.png","width":200,"height":200,"caption":"VERA - Zapro\u015b ca\u0142y \u015bwiat do swojej kuchni"},"image":{"@id":"https:\/\/smakivera.pl\/#\/schema\/logo\/image\/"},"sameAs":["https:\/\/www.facebook.com\/smakivera","https:\/\/www.instagram.com\/smakivera\/","https:\/\/pl.pinterest.com\/smakivera"]},{"@type":"Person","@id":"https:\/\/smakivera.pl\/#\/schema\/person\/b887003a4f394080457d8357307cf22e","name":"veradmn","image":{"@type":"ImageObject","inLanguage":"en-GB","@id":"https:\/\/smakivera.pl\/#\/schema\/person\/image\/","url":"https:\/\/secure.gravatar.com\/avatar\/edc26caae6d3ca5e735ed5d070aecf6e10266738e4addc0d92b44360a0365c34?s=96&d=mm&r=g","contentUrl":"https:\/\/secure.gravatar.com\/avatar\/edc26caae6d3ca5e735ed5d070aecf6e10266738e4addc0d92b44360a0365c34?s=96&d=mm&r=g","caption":"veradmn"},"sameAs":["https:\/\/smakivera.pl"],"url":"https:\/\/smakivera.pl\/en\/author\/veradmn\/"}]}},"_links":{"self":[{"href":"https:\/\/smakivera.pl\/en\/wp-json\/wp\/v2\/posts\/10308","targetHints":{"allow":["GET"]}}],"collection":[{"href":"https:\/\/smakivera.pl\/en\/wp-json\/wp\/v2\/posts"}],"about":[{"href":"https:\/\/smakivera.pl\/en\/wp-json\/wp\/v2\/types\/post"}],"author":[{"embeddable":true,"href":"https:\/\/smakivera.pl\/en\/wp-json\/wp\/v2\/users\/1"}],"replies":[{"embeddable":true,"href":"https:\/\/smakivera.pl\/en\/wp-json\/wp\/v2\/comments?post=10308"}],"version-history":[{"count":1,"href":"https:\/\/smakivera.pl\/en\/wp-json\/wp\/v2\/posts\/10308\/revisions"}],"predecessor-version":[{"id":10309,"href":"https:\/\/smakivera.pl\/en\/wp-json\/wp\/v2\/posts\/10308\/revisions\/10309"}],"wp:featuredmedia":[{"embeddable":true,"href":"https:\/\/smakivera.pl\/en\/wp-json\/wp\/v2\/media\/10310"}],"wp:attachment":[{"href":"https:\/\/smakivera.pl\/en\/wp-json\/wp\/v2\/media?parent=10308"}],"wp:term":[{"taxonomy":"category","embeddable":true,"href":"https:\/\/smakivera.pl\/en\/wp-json\/wp\/v2\/categories?post=10308"},{"taxonomy":"post_tag","embeddable":true,"href":"https:\/\/smakivera.pl\/en\/wp-json\/wp\/v2\/tags?post=10308"}],"curies":[{"name":"wp","href":"https:\/\/api.w.org\/{rel}","templated":true}]}}