{"id":10612,"date":"2025-12-19T15:51:35","date_gmt":"2025-12-19T14:51:35","guid":{"rendered":"https:\/\/smakivera.pl\/?p=10612"},"modified":"2026-03-18T14:30:05","modified_gmt":"2026-03-18T13:30:05","slug":"festive-layered-salad","status":"publish","type":"post","link":"https:\/\/smakivera.pl\/en\/festive-layered-salad\/","title":{"rendered":"Christmas layered salad"},"content":{"rendered":"<div class=\"wpb-content-wrapper\"><div class=\"pdfprnt-buttons pdfprnt-buttons-post pdfprnt-top-left\"><a href=\"https:\/\/smakivera.pl\/en\/wp-json\/wp\/v2\/posts\/10612?print=pdf\" class=\"pdfprnt-button pdfprnt-button-pdf\" target=\"_blank\"><\/a><a href=\"https:\/\/smakivera.pl\/en\/wp-json\/wp\/v2\/posts\/10612?print=print\" class=\"pdfprnt-button pdfprnt-button-print\" target=\"_blank\"><img decoding=\"async\" src=\"https:\/\/smakivera.pl\/wp-content\/plugins\/pdf-print\/images\/print.png\" alt=\"image_print\" title=\"Print Content\" \/><\/a><\/div><div class=\"vc_row wpb_row vc_row-fluid\"><div class=\"wpb_column vc_column_container vc_col-sm-12\"><div class=\"vc_column-inner\"><div class=\"wpb_wrapper\">\n\t<div class=\"wpb_text_column wpb_content_element\" >\n\t\t<div class=\"wpb_wrapper\">\n\t\t\t<p><strong>Ingredients:<\/strong><\/p>\n<div dir=\"auto\">\n<div dir=\"auto\">\n<div dir=\"auto\">6 tablespoons of mayonnaise<\/div>\n<div dir=\"auto\">3 tablespoons of natural yoghurt<\/div>\n<div dir=\"auto\">2 teaspoons Dijon mustard<\/div>\n<div dir=\"auto\">1 can of VERA corn<\/div>\n<div dir=\"auto\">1 can of VERA black beans<\/div>\n<div dir=\"auto\">1 jar of mini gherkins with VERA seasoning<\/div>\n<div dir=\"auto\"><span class=\"html-span xexx8yu xyri2b x18d9i69 x1c1uobl x1hl2dhg x16tdsg8 x1vvkbs x3nfvp2 x1j61x8r x1fcty0u xdj266r xat24cr xm2jcoa x1mpyi22 xxymvpz xlup9mm x1kky2od\">approx. 250 g <\/span>cooked beetroot<\/div>\n<div dir=\"auto\">3-4 Matjas herrings in oil<\/div>\n<div dir=\"auto\">finely chopped onion<\/div>\n<div dir=\"auto\">dill for garnish<\/div>\n<\/div>\n<\/div>\n<p><strong>Preparation:<\/strong><\/p>\n<div dir=\"auto\">\n<div dir=\"auto\">Start with the sauce - mix the mayonnaise, yoghurt and mustard thoroughly. Cut the herring into small pieces, combine with the onion and set aside in the fridge for the flavours to meld. Now it's time to play with the layers! In jars or bowls, layer herring, black beans, corn, sliced gherkins, grated beetroot and sauce. Finally, sprinkle with dill and you're done!<\/div>\n<\/div>\n\n\t\t<\/div>\n\t<\/div>\n<\/div><\/div><\/div><\/div>\n<\/div>","protected":false},"excerpt":{"rendered":"Ingredients: 6 tablespoons mayonnaise 3 tablespoons natural yoghurt 2 teaspoons Dijon mustard 1 tin VERA corn 1 tin VERA black beans 1 jar mini gherkins with VERA spices approx. 250 g cooked beetroot 3-4 matjas herrings in oil finely chopped onion dill for garnish Preparation: Start with the sauce - mix the mayonnaise, yoghurt and mustard thoroughly. [...]","protected":false},"author":1,"featured_media":10610,"comment_status":"closed","ping_status":"closed","sticky":false,"template":"","format":"standard","meta":{"footnotes":""},"categories":[2,60,84],"tags":[],"class_list":["post-10612","post","type-post","status-publish","format-standard","has-post-thumbnail","hentry","category-kategoria-kulinarne-inspiracje","category-na-przekaske","category-na-wykwintnie"],"yoast_head":"<!-- This site is optimized with the Yoast SEO plugin v26.5 - https:\/\/yoast.com\/wordpress\/plugins\/seo\/ -->\n<title>\u015awi\u0105teczna sa\u0142atka warstwowa - VERA - Ca\u0142y \u015bwiat w Twojej Kuchni<\/title>\n<meta name=\"description\" content=\"\u015awi\u0119ta przy rodzinnym stole? Zr\u00f3b \u015bwi\u0105teczn\u0105 sa\u0142atk\u0119 warstwow\u0105 i zachwy\u0107 domownik\u00f3w ich smakiem! | Smaki Vera\" \/>\n<meta name=\"robots\" content=\"index, follow, max-snippet:-1, max-image-preview:large, max-video-preview:-1\" \/>\n<link rel=\"canonical\" href=\"https:\/\/smakivera.pl\/en\/festive-layered-salad\/\" \/>\n<meta property=\"og:locale\" content=\"en_GB\" \/>\n<meta property=\"og:type\" content=\"article\" \/>\n<meta property=\"og:title\" content=\"\u015awi\u0105teczna sa\u0142atka warstwowa - VERA - Ca\u0142y \u015bwiat w Twojej Kuchni\" \/>\n<meta property=\"og:description\" content=\"\u015awi\u0119ta przy rodzinnym stole? Zr\u00f3b \u015bwi\u0105teczn\u0105 sa\u0142atk\u0119 warstwow\u0105 i zachwy\u0107 domownik\u00f3w ich smakiem! | Smaki Vera\" \/>\n<meta property=\"og:url\" content=\"https:\/\/smakivera.pl\/en\/festive-layered-salad\/\" \/>\n<meta property=\"og:site_name\" content=\"VERA - Ca\u0142y \u015bwiat w Twojej Kuchni\" \/>\n<meta property=\"article:publisher\" content=\"https:\/\/www.facebook.com\/smakivera\" \/>\n<meta property=\"article:published_time\" content=\"2025-12-19T14:51:35+00:00\" \/>\n<meta property=\"article:modified_time\" content=\"2026-03-18T13:30:05+00:00\" \/>\n<meta property=\"og:image\" content=\"https:\/\/smakivera.pl\/wp-content\/uploads\/2025\/12\/jarzynowa-warstwowa-vera-xmas.jpg\" \/>\n\t<meta property=\"og:image:width\" content=\"1200\" \/>\n\t<meta property=\"og:image:height\" content=\"800\" \/>\n\t<meta property=\"og:image:type\" content=\"image\/jpeg\" \/>\n<meta name=\"author\" content=\"veradmn\" \/>\n<meta name=\"twitter:card\" content=\"summary_large_image\" \/>\n<meta name=\"twitter:label1\" content=\"Written by\" \/>\n\t<meta name=\"twitter:data1\" content=\"veradmn\" \/>\n\t<meta name=\"twitter:label2\" content=\"Estimated reading time\" \/>\n\t<meta name=\"twitter:data2\" content=\"1 minute\" \/>\n<script type=\"application\/ld+json\" class=\"yoast-schema-graph\">{\"@context\":\"https:\/\/schema.org\",\"@graph\":[{\"@type\":\"Article\",\"@id\":\"https:\/\/smakivera.pl\/swiateczna-salatka-warstwowa\/#article\",\"isPartOf\":{\"@id\":\"https:\/\/smakivera.pl\/swiateczna-salatka-warstwowa\/\"},\"author\":{\"name\":\"veradmn\",\"@id\":\"https:\/\/smakivera.pl\/#\/schema\/person\/b887003a4f394080457d8357307cf22e\"},\"headline\":\"\u015awi\u0105teczna sa\u0142atka warstwowa\",\"datePublished\":\"2025-12-19T14:51:35+00:00\",\"dateModified\":\"2026-03-18T13:30:05+00:00\",\"mainEntityOfPage\":{\"@id\":\"https:\/\/smakivera.pl\/swiateczna-salatka-warstwowa\/\"},\"wordCount\":125,\"publisher\":{\"@id\":\"https:\/\/smakivera.pl\/#organization\"},\"image\":{\"@id\":\"https:\/\/smakivera.pl\/swiateczna-salatka-warstwowa\/#primaryimage\"},\"thumbnailUrl\":\"https:\/\/smakivera.pl\/wp-content\/uploads\/2025\/12\/jarzynowa-warstwowa-vera-xmas.jpg\",\"articleSection\":[\"Kulinarne inspiracje\",\"Na przek\u0105sk\u0119\",\"Na wykwintnie\"],\"inLanguage\":\"en-GB\"},{\"@type\":\"WebPage\",\"@id\":\"https:\/\/smakivera.pl\/swiateczna-salatka-warstwowa\/\",\"url\":\"https:\/\/smakivera.pl\/swiateczna-salatka-warstwowa\/\",\"name\":\"\u015awi\u0105teczna sa\u0142atka warstwowa - VERA - Ca\u0142y \u015bwiat w Twojej Kuchni\",\"isPartOf\":{\"@id\":\"https:\/\/smakivera.pl\/#website\"},\"primaryImageOfPage\":{\"@id\":\"https:\/\/smakivera.pl\/swiateczna-salatka-warstwowa\/#primaryimage\"},\"image\":{\"@id\":\"https:\/\/smakivera.pl\/swiateczna-salatka-warstwowa\/#primaryimage\"},\"thumbnailUrl\":\"https:\/\/smakivera.pl\/wp-content\/uploads\/2025\/12\/jarzynowa-warstwowa-vera-xmas.jpg\",\"datePublished\":\"2025-12-19T14:51:35+00:00\",\"dateModified\":\"2026-03-18T13:30:05+00:00\",\"description\":\"\u015awi\u0119ta przy rodzinnym stole? Zr\u00f3b \u015bwi\u0105teczn\u0105 sa\u0142atk\u0119 warstwow\u0105 i zachwy\u0107 domownik\u00f3w ich smakiem! | Smaki Vera\",\"breadcrumb\":{\"@id\":\"https:\/\/smakivera.pl\/swiateczna-salatka-warstwowa\/#breadcrumb\"},\"inLanguage\":\"en-GB\",\"potentialAction\":[{\"@type\":\"ReadAction\",\"target\":[\"https:\/\/smakivera.pl\/swiateczna-salatka-warstwowa\/\"]}]},{\"@type\":\"ImageObject\",\"inLanguage\":\"en-GB\",\"@id\":\"https:\/\/smakivera.pl\/swiateczna-salatka-warstwowa\/#primaryimage\",\"url\":\"https:\/\/smakivera.pl\/wp-content\/uploads\/2025\/12\/jarzynowa-warstwowa-vera-xmas.jpg\",\"contentUrl\":\"https:\/\/smakivera.pl\/wp-content\/uploads\/2025\/12\/jarzynowa-warstwowa-vera-xmas.jpg\",\"width\":1200,\"height\":800,\"caption\":\"\u015awi\u0105teczna sa\u0142atka warstwowa\"},{\"@type\":\"BreadcrumbList\",\"@id\":\"https:\/\/smakivera.pl\/swiateczna-salatka-warstwowa\/#breadcrumb\",\"itemListElement\":[{\"@type\":\"ListItem\",\"position\":1,\"name\":\"Strona g\u0142\u00f3wna\",\"item\":\"https:\/\/smakivera.pl\/\"},{\"@type\":\"ListItem\",\"position\":2,\"name\":\"\u015awi\u0105teczna sa\u0142atka warstwowa\"}]},{\"@type\":\"WebSite\",\"@id\":\"https:\/\/smakivera.pl\/#website\",\"url\":\"https:\/\/smakivera.pl\/\",\"name\":\"VERA - Ca\u0142y \u015bwiat w Twojej Kuchni\",\"description\":\"Udaj si\u0119 z nami w kulinarn\u0105 podr\u00f3\u017c... do s\u0142onecznej Hiszpanii po pyszne oliwy, do W\u0142och po pachn\u0105ce pomidory, a mo\u017ce do Indii po tropikalne owoce?\",\"publisher\":{\"@id\":\"https:\/\/smakivera.pl\/#organization\"},\"potentialAction\":[{\"@type\":\"SearchAction\",\"target\":{\"@type\":\"EntryPoint\",\"urlTemplate\":\"https:\/\/smakivera.pl\/?s={search_term_string}\"},\"query-input\":{\"@type\":\"PropertyValueSpecification\",\"valueRequired\":true,\"valueName\":\"search_term_string\"}}],\"inLanguage\":\"en-GB\"},{\"@type\":\"Organization\",\"@id\":\"https:\/\/smakivera.pl\/#organization\",\"name\":\"VERA - Zapro\u015b ca\u0142y \u015bwiat do swojej kuchni\",\"url\":\"https:\/\/smakivera.pl\/\",\"logo\":{\"@type\":\"ImageObject\",\"inLanguage\":\"en-GB\",\"@id\":\"https:\/\/smakivera.pl\/#\/schema\/logo\/image\/\",\"url\":\"https:\/\/smakivera.pl\/wp-content\/uploads\/2021\/02\/vera-gastronomia.png\",\"contentUrl\":\"https:\/\/smakivera.pl\/wp-content\/uploads\/2021\/02\/vera-gastronomia.png\",\"width\":200,\"height\":200,\"caption\":\"VERA - Zapro\u015b ca\u0142y \u015bwiat do swojej kuchni\"},\"image\":{\"@id\":\"https:\/\/smakivera.pl\/#\/schema\/logo\/image\/\"},\"sameAs\":[\"https:\/\/www.facebook.com\/smakivera\",\"https:\/\/www.instagram.com\/smakivera\/\",\"https:\/\/pl.pinterest.com\/smakivera\"]},{\"@type\":\"Person\",\"@id\":\"https:\/\/smakivera.pl\/#\/schema\/person\/b887003a4f394080457d8357307cf22e\",\"name\":\"veradmn\",\"image\":{\"@type\":\"ImageObject\",\"inLanguage\":\"en-GB\",\"@id\":\"https:\/\/smakivera.pl\/#\/schema\/person\/image\/\",\"url\":\"https:\/\/secure.gravatar.com\/avatar\/edc26caae6d3ca5e735ed5d070aecf6e10266738e4addc0d92b44360a0365c34?s=96&d=mm&r=g\",\"contentUrl\":\"https:\/\/secure.gravatar.com\/avatar\/edc26caae6d3ca5e735ed5d070aecf6e10266738e4addc0d92b44360a0365c34?s=96&d=mm&r=g\",\"caption\":\"veradmn\"},\"sameAs\":[\"https:\/\/smakivera.pl\"],\"url\":\"https:\/\/smakivera.pl\/en\/author\/veradmn\/\"}]}<\/script>\n<!-- \/ Yoast SEO plugin. -->","yoast_head_json":{"title":"Christmas layered salad - VERA - A whole world in your kitchen","description":"Christmas at the family table? Make a festive layered salad and delight the household with their flavours! | Flavours of Vera","robots":{"index":"index","follow":"follow","max-snippet":"max-snippet:-1","max-image-preview":"max-image-preview:large","max-video-preview":"max-video-preview:-1"},"canonical":"https:\/\/smakivera.pl\/en\/festive-layered-salad\/","og_locale":"en_GB","og_type":"article","og_title":"\u015awi\u0105teczna sa\u0142atka warstwowa - VERA - Ca\u0142y \u015bwiat w Twojej Kuchni","og_description":"\u015awi\u0119ta przy rodzinnym stole? Zr\u00f3b \u015bwi\u0105teczn\u0105 sa\u0142atk\u0119 warstwow\u0105 i zachwy\u0107 domownik\u00f3w ich smakiem! | Smaki Vera","og_url":"https:\/\/smakivera.pl\/en\/festive-layered-salad\/","og_site_name":"VERA - Ca\u0142y \u015bwiat w Twojej Kuchni","article_publisher":"https:\/\/www.facebook.com\/smakivera","article_published_time":"2025-12-19T14:51:35+00:00","article_modified_time":"2026-03-18T13:30:05+00:00","og_image":[{"width":1200,"height":800,"url":"https:\/\/smakivera.pl\/wp-content\/uploads\/2025\/12\/jarzynowa-warstwowa-vera-xmas.jpg","type":"image\/jpeg"}],"author":"veradmn","twitter_card":"summary_large_image","twitter_misc":{"Written by":"veradmn","Estimated reading time":"1 minute"},"schema":{"@context":"https:\/\/schema.org","@graph":[{"@type":"Article","@id":"https:\/\/smakivera.pl\/swiateczna-salatka-warstwowa\/#article","isPartOf":{"@id":"https:\/\/smakivera.pl\/swiateczna-salatka-warstwowa\/"},"author":{"name":"veradmn","@id":"https:\/\/smakivera.pl\/#\/schema\/person\/b887003a4f394080457d8357307cf22e"},"headline":"\u015awi\u0105teczna sa\u0142atka warstwowa","datePublished":"2025-12-19T14:51:35+00:00","dateModified":"2026-03-18T13:30:05+00:00","mainEntityOfPage":{"@id":"https:\/\/smakivera.pl\/swiateczna-salatka-warstwowa\/"},"wordCount":125,"publisher":{"@id":"https:\/\/smakivera.pl\/#organization"},"image":{"@id":"https:\/\/smakivera.pl\/swiateczna-salatka-warstwowa\/#primaryimage"},"thumbnailUrl":"https:\/\/smakivera.pl\/wp-content\/uploads\/2025\/12\/jarzynowa-warstwowa-vera-xmas.jpg","articleSection":["Kulinarne inspiracje","Na przek\u0105sk\u0119","Na wykwintnie"],"inLanguage":"en-GB"},{"@type":"WebPage","@id":"https:\/\/smakivera.pl\/swiateczna-salatka-warstwowa\/","url":"https:\/\/smakivera.pl\/swiateczna-salatka-warstwowa\/","name":"Christmas layered salad - VERA - A whole world in your kitchen","isPartOf":{"@id":"https:\/\/smakivera.pl\/#website"},"primaryImageOfPage":{"@id":"https:\/\/smakivera.pl\/swiateczna-salatka-warstwowa\/#primaryimage"},"image":{"@id":"https:\/\/smakivera.pl\/swiateczna-salatka-warstwowa\/#primaryimage"},"thumbnailUrl":"https:\/\/smakivera.pl\/wp-content\/uploads\/2025\/12\/jarzynowa-warstwowa-vera-xmas.jpg","datePublished":"2025-12-19T14:51:35+00:00","dateModified":"2026-03-18T13:30:05+00:00","description":"Christmas at the family table? Make a festive layered salad and delight the household with their flavours! | Flavours of Vera","breadcrumb":{"@id":"https:\/\/smakivera.pl\/swiateczna-salatka-warstwowa\/#breadcrumb"},"inLanguage":"en-GB","potentialAction":[{"@type":"ReadAction","target":["https:\/\/smakivera.pl\/swiateczna-salatka-warstwowa\/"]}]},{"@type":"ImageObject","inLanguage":"en-GB","@id":"https:\/\/smakivera.pl\/swiateczna-salatka-warstwowa\/#primaryimage","url":"https:\/\/smakivera.pl\/wp-content\/uploads\/2025\/12\/jarzynowa-warstwowa-vera-xmas.jpg","contentUrl":"https:\/\/smakivera.pl\/wp-content\/uploads\/2025\/12\/jarzynowa-warstwowa-vera-xmas.jpg","width":1200,"height":800,"caption":"\u015awi\u0105teczna sa\u0142atka warstwowa"},{"@type":"BreadcrumbList","@id":"https:\/\/smakivera.pl\/swiateczna-salatka-warstwowa\/#breadcrumb","itemListElement":[{"@type":"ListItem","position":1,"name":"Strona g\u0142\u00f3wna","item":"https:\/\/smakivera.pl\/"},{"@type":"ListItem","position":2,"name":"\u015awi\u0105teczna sa\u0142atka warstwowa"}]},{"@type":"WebSite","@id":"https:\/\/smakivera.pl\/#website","url":"https:\/\/smakivera.pl\/","name":"VERA - A whole world in your kitchen","description":"Come with us on a culinary journey... to sunny Spain for delicious oils, to Italy for fragrant tomatoes, or perhaps to India for tropical fruits?","publisher":{"@id":"https:\/\/smakivera.pl\/#organization"},"potentialAction":[{"@type":"SearchAction","target":{"@type":"EntryPoint","urlTemplate":"https:\/\/smakivera.pl\/?s={search_term_string}"},"query-input":{"@type":"PropertyValueSpecification","valueRequired":true,"valueName":"search_term_string"}}],"inLanguage":"en-GB"},{"@type":"Organization","@id":"https:\/\/smakivera.pl\/#organization","name":"VERA - Invite the whole world into your kitchen","url":"https:\/\/smakivera.pl\/","logo":{"@type":"ImageObject","inLanguage":"en-GB","@id":"https:\/\/smakivera.pl\/#\/schema\/logo\/image\/","url":"https:\/\/smakivera.pl\/wp-content\/uploads\/2021\/02\/vera-gastronomia.png","contentUrl":"https:\/\/smakivera.pl\/wp-content\/uploads\/2021\/02\/vera-gastronomia.png","width":200,"height":200,"caption":"VERA - Zapro\u015b ca\u0142y \u015bwiat do swojej kuchni"},"image":{"@id":"https:\/\/smakivera.pl\/#\/schema\/logo\/image\/"},"sameAs":["https:\/\/www.facebook.com\/smakivera","https:\/\/www.instagram.com\/smakivera\/","https:\/\/pl.pinterest.com\/smakivera"]},{"@type":"Person","@id":"https:\/\/smakivera.pl\/#\/schema\/person\/b887003a4f394080457d8357307cf22e","name":"veradmn","image":{"@type":"ImageObject","inLanguage":"en-GB","@id":"https:\/\/smakivera.pl\/#\/schema\/person\/image\/","url":"https:\/\/secure.gravatar.com\/avatar\/edc26caae6d3ca5e735ed5d070aecf6e10266738e4addc0d92b44360a0365c34?s=96&d=mm&r=g","contentUrl":"https:\/\/secure.gravatar.com\/avatar\/edc26caae6d3ca5e735ed5d070aecf6e10266738e4addc0d92b44360a0365c34?s=96&d=mm&r=g","caption":"veradmn"},"sameAs":["https:\/\/smakivera.pl"],"url":"https:\/\/smakivera.pl\/en\/author\/veradmn\/"}]}},"_links":{"self":[{"href":"https:\/\/smakivera.pl\/en\/wp-json\/wp\/v2\/posts\/10612","targetHints":{"allow":["GET"]}}],"collection":[{"href":"https:\/\/smakivera.pl\/en\/wp-json\/wp\/v2\/posts"}],"about":[{"href":"https:\/\/smakivera.pl\/en\/wp-json\/wp\/v2\/types\/post"}],"author":[{"embeddable":true,"href":"https:\/\/smakivera.pl\/en\/wp-json\/wp\/v2\/users\/1"}],"replies":[{"embeddable":true,"href":"https:\/\/smakivera.pl\/en\/wp-json\/wp\/v2\/comments?post=10612"}],"version-history":[{"count":2,"href":"https:\/\/smakivera.pl\/en\/wp-json\/wp\/v2\/posts\/10612\/revisions"}],"predecessor-version":[{"id":10614,"href":"https:\/\/smakivera.pl\/en\/wp-json\/wp\/v2\/posts\/10612\/revisions\/10614"}],"wp:featuredmedia":[{"embeddable":true,"href":"https:\/\/smakivera.pl\/en\/wp-json\/wp\/v2\/media\/10610"}],"wp:attachment":[{"href":"https:\/\/smakivera.pl\/en\/wp-json\/wp\/v2\/media?parent=10612"}],"wp:term":[{"taxonomy":"category","embeddable":true,"href":"https:\/\/smakivera.pl\/en\/wp-json\/wp\/v2\/categories?post=10612"},{"taxonomy":"post_tag","embeddable":true,"href":"https:\/\/smakivera.pl\/en\/wp-json\/wp\/v2\/tags?post=10612"}],"curies":[{"name":"wp","href":"https:\/\/api.w.org\/{rel}","templated":true}]}}