{"id":10716,"date":"2026-03-03T14:12:30","date_gmt":"2026-03-03T13:12:30","guid":{"rendered":"https:\/\/smakivera.pl\/?p=10716"},"modified":"2026-08-12T11:27:56","modified_gmt":"2026-08-12T09:27:56","slug":"parma-style-chicken-with-gnocchi","status":"publish","type":"post","link":"https:\/\/smakivera.pl\/en\/kurczak-parma-z-gnocchi\/","title":{"rendered":"Parma-style chicken with gnocchi"},"content":{"rendered":"<div class=\"wpb-content-wrapper\" id=\"wpb-content-root\"><div class=\"pdfprnt-buttons pdfprnt-buttons-post pdfprnt-top-left\"><a href=\"https:\/\/smakivera.pl\/en\/wp-json\/wp\/v2\/posts\/10716?print=pdf\" class=\"pdfprnt-button pdfprnt-button-pdf\" target=\"_blank\" ><\/a><a href=\"https:\/\/smakivera.pl\/en\/wp-json\/wp\/v2\/posts\/10716?print=print\" class=\"pdfprnt-button pdfprnt-button-print\" target=\"_blank\" ><img decoding=\"async\" src=\"https:\/\/smakivera.pl\/wp-content\/plugins\/pdf-print\/images\/print.png\" alt=\"image_print\" title=\"Print Content\" \/><\/a><\/div><div class=\"vc_row wpb_row vc_row-fluid\"><div class=\"wpb_column vc_column_container vc_col-sm-12\"><div class=\"vc_column-inner\"><div class=\"wpb_wrapper\">\n\t<div class=\"wpb_text_column wpb_content_element\" >\n\t\t<div class=\"wpb_wrapper\">\n\t\t\t<p><strong>Ingredients (3\u20134 portions):<\/strong><\/p>\n<div dir=\"auto\">\n<div dir=\"auto\">\n<div dir=\"auto\">\n<div class=\"x14z9mp xat24cr x1lziwak x1vvkbs xtlvy1s x126k92a\">\n<div dir=\"auto\">\n<div dir=\"auto\">\n<div class=\"x14z9mp xat24cr x1lziwak x1vvkbs xtlvy1s x126k92a\">\n<div dir=\"auto\">\n<div dir=\"auto\">\n<div class=\"x14z9mp xat24cr x1lziwak x1vvkbs xtlvy1s x126k92a\">\n<div dir=\"auto\"><strong>Chicken<\/strong><\/div>\n<div dir=\"auto\">2 medium chicken breasts (approx. 450 g)<\/div>\n<div dir=\"auto\">2 teaspoons of salt<\/div>\n<div dir=\"auto\">\u00bc glass of wheat flour<\/div>\n<div dir=\"auto\">\u00bc glass of VERA extra virgin olive oil<\/div>\n<\/div>\n<div class=\"x14z9mp xat24cr x1lziwak x1vvkbs xtlvy1s x126k92a\">\n<div dir=\"auto\"><strong>Sauce and gnocchi<\/strong><\/div>\n<div dir=\"auto\">8 cloves of garlic, finely chopped<\/div>\n<div dir=\"auto\">\u00bd teaspoon of chilli flakes<\/div>\n<div dir=\"auto\">1 tin of whole VERA pelati tomatoes<\/div>\n<div dir=\"auto\">about 2 teaspoons of salt<\/div>\n<div dir=\"auto\">1\u00bd teaspoons of sugar<\/div>\n<div dir=\"auto\">1 packet of VERA gnocchi<\/div>\n<\/div>\n<div class=\"x14z9mp xat24cr x1lziwak x1vvkbs xtlvy1s x126k92a\">\n<div dir=\"auto\"><strong>On top<\/strong><\/div>\n<div dir=\"auto\">60 g finely grated Parmesan<\/div>\n<div dir=\"auto\">225 g mozzarella (slices 0.5\u20131 cm thick)<\/div>\n<div dir=\"auto\">fresh basil (optional)<\/div>\n<\/div>\n<\/div>\n<\/div>\n<div dir=\"auto\"><strong>Preparation:<\/strong><\/div>\n<\/div>\n<\/div>\n<\/div>\n<\/div>\n<\/div>\n<\/div>\n<\/div>\n<div dir=\"auto\">\n<div dir=\"auto\">\n<div dir=\"auto\">\n<div class=\"x14z9mp xat24cr x1lziwak x1vvkbs xtlvy1s x126k92a\">\n<div dir=\"auto\">\n<div class=\"x14z9mp xat24cr x1lziwak x1vvkbs xtlvy1s x126k92a\">\n<div dir=\"auto\">\n<div dir=\"auto\">\n<div dir=\"auto\">\n<div dir=\"auto\">\n<div class=\"x14z9mp xat24cr x1lziwak x1vvkbs xtlvy1s x126k92a\">\n<div dir=\"auto\">Cut each chicken breast in half lengthways to make thin cutlets (4 pieces in total). Sprinkle them with salt, transfer to a bowl and dust with flour, mixing thoroughly so that the meat is lightly coated. In a large frying pan (preferably one that can go in the oven), heat the olive oil and fry the chicken in batches over a medium heat until golden brown on both sides. Add a little more olive oil if necessary. Set the fried chicken aside.<\/div>\n<\/div>\n<div class=\"x14z9mp xat24cr x1lziwak x1vvkbs xtlvy1s x126k92a\">\n<div dir=\"auto\">Reduce the heat to medium-low, add the chopped garlic and chilli flakes to the same pan and fry for about a minute, until they start to give off a strong aroma. Add the pelati tomatoes, crushing them with a spoon, then add salt and sugar, and cook the sauce for about 5 minutes until it thickens slightly. Add the gnocchi directly to the sauce and stir for about 2\u20133 minutes, until they start to soften and cook in the tomatoes. Remove the pan from the heat, arrange the chicken in a single layer on top of the gnocchi, sprinkle with Parmesan and cover with slices of mozzarella.<\/div>\n<\/div>\n<div class=\"x14z9mp xat24cr x1lziwak x1vvkbs xtlvy1s x126k92a\">\n<div dir=\"auto\">Place the frying pan in the oven with the grill function switched on and bake for 5\u20138 minutes, until the cheese has melted completely and is lightly browned. Add some fresh basil before serving.<\/div>\n<\/div>\n<\/div>\n<\/div>\n<\/div>\n<\/div>\n<\/div>\n<\/div>\n<\/div>\n<\/div>\n<\/div>\n<\/div>\n\n\t\t<\/div>\n\t<\/div>\n<\/div><\/div><\/div><\/div>\n<\/div>","protected":false},"excerpt":{"rendered":"Sk\u0142adniki (3-4 porcje): Kurczak 2 \u015brednie piersi z kurczaka (ok. 450 g) 2 \u0142y\u017ceczki soli \u00bc szklanki m\u0105ki pszennej \u00bc szklanki oliwy extra virgin VERA Sos i gnocchi 8 z\u0105bk\u00f3w czosnku, drobno posiekanych \u00bd \u0142y\u017ceczki p\u0142atk\u00f3w chili 1 puszka ca\u0142ych pomidor\u00f3w pelati VERA ok. 2 \u0142y\u017ceczki soli 1\u00bd \u0142y\u017ceczki cukru 1 opakowanie gnocchi VERA Na [...]","protected":false},"author":1,"featured_media":10720,"comment_status":"closed","ping_status":"closed","sticky":false,"template":"","format":"standard","meta":{"rs_blank_template":"","rs_page_bg_color":"","slide_template_v7":"","footnotes":""},"categories":[2,63,84,338],"tags":[],"class_list":["post-10716","post","type-post","status-publish","format-standard","has-post-thumbnail","hentry","category-kategoria-kulinarne-inspiracje","category-na-lunch","category-na-wykwintnie","category-szybki-obiad"],"yoast_head":"<!-- This site is optimized with the Yoast SEO plugin v28.3 - https:\/\/yoast.com\/product\/yoast-seo-wordpress\/ -->\n<title>Kurczak parma z gnocchi - VERA - Ca\u0142y \u015bwiat w Twojej Kuchni<\/title>\n<meta name=\"description\" content=\"Chcesz zaskoczy\u0107 domownik\u00f3w ciekawym przepisem? Przygotuj Kurczaka Parma z gnocchi i zachwy\u0107 wszystkich smakiem! | Smaki Vera\" \/>\n<meta name=\"robots\" content=\"index, follow, max-snippet:-1, max-image-preview:large, max-video-preview:-1\" \/>\n<link rel=\"canonical\" href=\"https:\/\/smakivera.pl\/en\/parma-style-chicken-with-gnocchi\/\" \/>\n<meta property=\"og:locale\" content=\"en_GB\" \/>\n<meta property=\"og:type\" content=\"article\" \/>\n<meta property=\"og:title\" content=\"Kurczak parma z gnocchi - VERA - Ca\u0142y \u015bwiat w Twojej Kuchni\" \/>\n<meta property=\"og:description\" content=\"Chcesz zaskoczy\u0107 domownik\u00f3w ciekawym przepisem? Przygotuj Kurczaka Parma z gnocchi i zachwy\u0107 wszystkich smakiem! | Smaki Vera\" \/>\n<meta property=\"og:url\" content=\"https:\/\/smakivera.pl\/en\/parma-style-chicken-with-gnocchi\/\" \/>\n<meta property=\"og:site_name\" content=\"VERA - Ca\u0142y \u015bwiat w Twojej Kuchni\" \/>\n<meta property=\"article:publisher\" content=\"https:\/\/www.facebook.com\/smakivera\" \/>\n<meta property=\"article:published_time\" content=\"2026-03-03T13:12:30+00:00\" \/>\n<meta property=\"article:modified_time\" content=\"2026-08-12T09:27:56+00:00\" \/>\n<meta property=\"og:image\" content=\"https:\/\/smakivera.pl\/wp-content\/uploads\/2026\/03\/parma-kurczak-gnocchi-vera-2.jpg\" \/>\n\t<meta property=\"og:image:width\" content=\"1200\" \/>\n\t<meta property=\"og:image:height\" content=\"800\" \/>\n\t<meta property=\"og:image:type\" content=\"image\/jpeg\" \/>\n<meta name=\"author\" content=\"veradmn\" \/>\n<meta name=\"twitter:card\" content=\"summary_large_image\" \/>\n<meta name=\"twitter:label1\" content=\"Written by\" \/>\n\t<meta name=\"twitter:data1\" content=\"veradmn\" \/>\n\t<meta name=\"twitter:label2\" content=\"Estimated reading time\" \/>\n\t<meta name=\"twitter:data2\" content=\"2 minutes\" \/>\n<script type=\"application\/ld+json\" class=\"yoast-schema-graph\">{\"@context\":\"https:\\\/\\\/schema.org\",\"@graph\":[{\"@type\":\"Article\",\"@id\":\"https:\\\/\\\/smakivera.pl\\\/kurczak-parma-z-gnocchi\\\/#article\",\"isPartOf\":{\"@id\":\"https:\\\/\\\/smakivera.pl\\\/kurczak-parma-z-gnocchi\\\/\"},\"author\":{\"name\":\"veradmn\",\"@id\":\"https:\\\/\\\/smakivera.pl\\\/#\\\/schema\\\/person\\\/b887003a4f394080457d8357307cf22e\"},\"headline\":\"Kurczak parma z gnocchi\",\"datePublished\":\"2026-03-03T13:12:30+00:00\",\"dateModified\":\"2026-08-12T09:27:56+00:00\",\"mainEntityOfPage\":{\"@id\":\"https:\\\/\\\/smakivera.pl\\\/kurczak-parma-z-gnocchi\\\/\"},\"wordCount\":291,\"publisher\":{\"@id\":\"https:\\\/\\\/smakivera.pl\\\/#organization\"},\"image\":{\"@id\":\"https:\\\/\\\/smakivera.pl\\\/kurczak-parma-z-gnocchi\\\/#primaryimage\"},\"thumbnailUrl\":\"https:\\\/\\\/smakivera.pl\\\/wp-content\\\/uploads\\\/2026\\\/03\\\/parma-kurczak-gnocchi-vera-2.jpg\",\"articleSection\":[\"Kulinarne inspiracje\",\"Na lunch\",\"Na wykwintnie\",\"Szybki obiad\"],\"inLanguage\":\"en-GB\"},{\"@type\":\"WebPage\",\"@id\":\"https:\\\/\\\/smakivera.pl\\\/kurczak-parma-z-gnocchi\\\/\",\"url\":\"https:\\\/\\\/smakivera.pl\\\/kurczak-parma-z-gnocchi\\\/\",\"name\":\"Kurczak parma z gnocchi - VERA - Ca\u0142y \u015bwiat w Twojej Kuchni\",\"isPartOf\":{\"@id\":\"https:\\\/\\\/smakivera.pl\\\/#website\"},\"primaryImageOfPage\":{\"@id\":\"https:\\\/\\\/smakivera.pl\\\/kurczak-parma-z-gnocchi\\\/#primaryimage\"},\"image\":{\"@id\":\"https:\\\/\\\/smakivera.pl\\\/kurczak-parma-z-gnocchi\\\/#primaryimage\"},\"thumbnailUrl\":\"https:\\\/\\\/smakivera.pl\\\/wp-content\\\/uploads\\\/2026\\\/03\\\/parma-kurczak-gnocchi-vera-2.jpg\",\"datePublished\":\"2026-03-03T13:12:30+00:00\",\"dateModified\":\"2026-08-12T09:27:56+00:00\",\"description\":\"Chcesz zaskoczy\u0107 domownik\u00f3w ciekawym przepisem? Przygotuj Kurczaka Parma z gnocchi i zachwy\u0107 wszystkich smakiem! | Smaki Vera\",\"breadcrumb\":{\"@id\":\"https:\\\/\\\/smakivera.pl\\\/kurczak-parma-z-gnocchi\\\/#breadcrumb\"},\"inLanguage\":\"en-GB\",\"potentialAction\":[{\"@type\":\"ReadAction\",\"target\":[\"https:\\\/\\\/smakivera.pl\\\/kurczak-parma-z-gnocchi\\\/\"]}]},{\"@type\":\"ImageObject\",\"inLanguage\":\"en-GB\",\"@id\":\"https:\\\/\\\/smakivera.pl\\\/kurczak-parma-z-gnocchi\\\/#primaryimage\",\"url\":\"https:\\\/\\\/smakivera.pl\\\/wp-content\\\/uploads\\\/2026\\\/03\\\/parma-kurczak-gnocchi-vera-2.jpg\",\"contentUrl\":\"https:\\\/\\\/smakivera.pl\\\/wp-content\\\/uploads\\\/2026\\\/03\\\/parma-kurczak-gnocchi-vera-2.jpg\",\"width\":1200,\"height\":800,\"caption\":\"Kurczak parma z gnocchi\"},{\"@type\":\"BreadcrumbList\",\"@id\":\"https:\\\/\\\/smakivera.pl\\\/kurczak-parma-z-gnocchi\\\/#breadcrumb\",\"itemListElement\":[{\"@type\":\"ListItem\",\"position\":1,\"name\":\"Strona g\u0142\u00f3wna\",\"item\":\"https:\\\/\\\/smakivera.pl\\\/\"},{\"@type\":\"ListItem\",\"position\":2,\"name\":\"Kurczak parma z gnocchi\"}]},{\"@type\":\"WebSite\",\"@id\":\"https:\\\/\\\/smakivera.pl\\\/#website\",\"url\":\"https:\\\/\\\/smakivera.pl\\\/\",\"name\":\"VERA - Ca\u0142y \u015bwiat w Twojej Kuchni\",\"description\":\"Udaj si\u0119 z nami w kulinarn\u0105 podr\u00f3\u017c... do s\u0142onecznej Hiszpanii po pyszne oliwy, do W\u0142och po pachn\u0105ce pomidory, a mo\u017ce do Indii po tropikalne owoce?\",\"publisher\":{\"@id\":\"https:\\\/\\\/smakivera.pl\\\/#organization\"},\"potentialAction\":[{\"@type\":\"SearchAction\",\"target\":{\"@type\":\"EntryPoint\",\"urlTemplate\":\"https:\\\/\\\/smakivera.pl\\\/?s={search_term_string}\"},\"query-input\":{\"@type\":\"PropertyValueSpecification\",\"valueRequired\":true,\"valueName\":\"search_term_string\"}}],\"inLanguage\":\"en-GB\"},{\"@type\":\"Organization\",\"@id\":\"https:\\\/\\\/smakivera.pl\\\/#organization\",\"name\":\"VERA - Zapro\u015b ca\u0142y \u015bwiat do swojej kuchni\",\"url\":\"https:\\\/\\\/smakivera.pl\\\/\",\"logo\":{\"@type\":\"ImageObject\",\"inLanguage\":\"en-GB\",\"@id\":\"https:\\\/\\\/smakivera.pl\\\/#\\\/schema\\\/logo\\\/image\\\/\",\"url\":\"https:\\\/\\\/smakivera.pl\\\/wp-content\\\/uploads\\\/2021\\\/02\\\/vera-gastronomia.png\",\"contentUrl\":\"https:\\\/\\\/smakivera.pl\\\/wp-content\\\/uploads\\\/2021\\\/02\\\/vera-gastronomia.png\",\"width\":200,\"height\":200,\"caption\":\"VERA - Zapro\u015b ca\u0142y \u015bwiat do swojej kuchni\"},\"image\":{\"@id\":\"https:\\\/\\\/smakivera.pl\\\/#\\\/schema\\\/logo\\\/image\\\/\"},\"sameAs\":[\"https:\\\/\\\/www.facebook.com\\\/smakivera\",\"https:\\\/\\\/www.instagram.com\\\/smakivera\\\/\",\"https:\\\/\\\/pl.pinterest.com\\\/smakivera\"]},{\"@type\":\"Person\",\"@id\":\"https:\\\/\\\/smakivera.pl\\\/#\\\/schema\\\/person\\\/b887003a4f394080457d8357307cf22e\",\"name\":\"veradmn\",\"image\":{\"@type\":\"ImageObject\",\"inLanguage\":\"en-GB\",\"@id\":\"https:\\\/\\\/secure.gravatar.com\\\/avatar\\\/edc26caae6d3ca5e735ed5d070aecf6e10266738e4addc0d92b44360a0365c34?s=96&d=mm&r=g\",\"url\":\"https:\\\/\\\/secure.gravatar.com\\\/avatar\\\/edc26caae6d3ca5e735ed5d070aecf6e10266738e4addc0d92b44360a0365c34?s=96&d=mm&r=g\",\"contentUrl\":\"https:\\\/\\\/secure.gravatar.com\\\/avatar\\\/edc26caae6d3ca5e735ed5d070aecf6e10266738e4addc0d92b44360a0365c34?s=96&d=mm&r=g\",\"caption\":\"veradmn\"},\"sameAs\":[\"https:\\\/\\\/smakivera.pl\"],\"url\":\"https:\\\/\\\/smakivera.pl\\\/en\\\/author\\\/veradmn\\\/\"}]}<\/script>\n<!-- \/ Yoast SEO plugin. -->","yoast_head_json":{"title":"Parma-style chicken with gnocchi - VERA - The whole world in your kitchen","description":"Fancy surprising your family with an interesting recipe? Try making Parma-style chicken with gnocchi and delight everyone with the flavour! | Vera\u2019s Flavours","robots":{"index":"index","follow":"follow","max-snippet":"max-snippet:-1","max-image-preview":"max-image-preview:large","max-video-preview":"max-video-preview:-1"},"canonical":"https:\/\/smakivera.pl\/en\/parma-style-chicken-with-gnocchi\/","og_locale":"en_GB","og_type":"article","og_title":"Kurczak parma z gnocchi - VERA - Ca\u0142y \u015bwiat w Twojej Kuchni","og_description":"Chcesz zaskoczy\u0107 domownik\u00f3w ciekawym przepisem? Przygotuj Kurczaka Parma z gnocchi i zachwy\u0107 wszystkich smakiem! | Smaki Vera","og_url":"https:\/\/smakivera.pl\/en\/parma-style-chicken-with-gnocchi\/","og_site_name":"VERA - Ca\u0142y \u015bwiat w Twojej Kuchni","article_publisher":"https:\/\/www.facebook.com\/smakivera","article_published_time":"2026-03-03T13:12:30+00:00","article_modified_time":"2026-08-12T09:27:56+00:00","og_image":[{"width":1200,"height":800,"url":"https:\/\/smakivera.pl\/wp-content\/uploads\/2026\/03\/parma-kurczak-gnocchi-vera-2.jpg","type":"image\/jpeg"}],"author":"veradmn","twitter_card":"summary_large_image","twitter_misc":{"Written by":"veradmn","Estimated reading time":"2 minutes"},"schema":{"@context":"https:\/\/schema.org","@graph":[{"@type":"Article","@id":"https:\/\/smakivera.pl\/kurczak-parma-z-gnocchi\/#article","isPartOf":{"@id":"https:\/\/smakivera.pl\/kurczak-parma-z-gnocchi\/"},"author":{"name":"veradmn","@id":"https:\/\/smakivera.pl\/#\/schema\/person\/b887003a4f394080457d8357307cf22e"},"headline":"Kurczak parma z gnocchi","datePublished":"2026-03-03T13:12:30+00:00","dateModified":"2026-08-12T09:27:56+00:00","mainEntityOfPage":{"@id":"https:\/\/smakivera.pl\/kurczak-parma-z-gnocchi\/"},"wordCount":291,"publisher":{"@id":"https:\/\/smakivera.pl\/#organization"},"image":{"@id":"https:\/\/smakivera.pl\/kurczak-parma-z-gnocchi\/#primaryimage"},"thumbnailUrl":"https:\/\/smakivera.pl\/wp-content\/uploads\/2026\/03\/parma-kurczak-gnocchi-vera-2.jpg","articleSection":["Kulinarne inspiracje","Na lunch","Na wykwintnie","Szybki obiad"],"inLanguage":"en-GB"},{"@type":"WebPage","@id":"https:\/\/smakivera.pl\/kurczak-parma-z-gnocchi\/","url":"https:\/\/smakivera.pl\/kurczak-parma-z-gnocchi\/","name":"Parma-style chicken with gnocchi - VERA - The whole world in your kitchen","isPartOf":{"@id":"https:\/\/smakivera.pl\/#website"},"primaryImageOfPage":{"@id":"https:\/\/smakivera.pl\/kurczak-parma-z-gnocchi\/#primaryimage"},"image":{"@id":"https:\/\/smakivera.pl\/kurczak-parma-z-gnocchi\/#primaryimage"},"thumbnailUrl":"https:\/\/smakivera.pl\/wp-content\/uploads\/2026\/03\/parma-kurczak-gnocchi-vera-2.jpg","datePublished":"2026-03-03T13:12:30+00:00","dateModified":"2026-08-12T09:27:56+00:00","description":"Fancy surprising your family with an interesting recipe? Try making Parma-style chicken with gnocchi and delight everyone with the flavour! | Vera\u2019s Flavours","breadcrumb":{"@id":"https:\/\/smakivera.pl\/kurczak-parma-z-gnocchi\/#breadcrumb"},"inLanguage":"en-GB","potentialAction":[{"@type":"ReadAction","target":["https:\/\/smakivera.pl\/kurczak-parma-z-gnocchi\/"]}]},{"@type":"ImageObject","inLanguage":"en-GB","@id":"https:\/\/smakivera.pl\/kurczak-parma-z-gnocchi\/#primaryimage","url":"https:\/\/smakivera.pl\/wp-content\/uploads\/2026\/03\/parma-kurczak-gnocchi-vera-2.jpg","contentUrl":"https:\/\/smakivera.pl\/wp-content\/uploads\/2026\/03\/parma-kurczak-gnocchi-vera-2.jpg","width":1200,"height":800,"caption":"Kurczak parma z gnocchi"},{"@type":"BreadcrumbList","@id":"https:\/\/smakivera.pl\/kurczak-parma-z-gnocchi\/#breadcrumb","itemListElement":[{"@type":"ListItem","position":1,"name":"Strona g\u0142\u00f3wna","item":"https:\/\/smakivera.pl\/"},{"@type":"ListItem","position":2,"name":"Kurczak parma z gnocchi"}]},{"@type":"WebSite","@id":"https:\/\/smakivera.pl\/#website","url":"https:\/\/smakivera.pl\/","name":"VERA - A whole world in your kitchen","description":"Come with us on a culinary journey... to sunny Spain for delicious oils, to Italy for fragrant tomatoes, or perhaps to India for tropical fruits?","publisher":{"@id":"https:\/\/smakivera.pl\/#organization"},"potentialAction":[{"@type":"SearchAction","target":{"@type":"EntryPoint","urlTemplate":"https:\/\/smakivera.pl\/?s={search_term_string}"},"query-input":{"@type":"PropertyValueSpecification","valueRequired":true,"valueName":"search_term_string"}}],"inLanguage":"en-GB"},{"@type":"Organization","@id":"https:\/\/smakivera.pl\/#organization","name":"VERA - Invite the whole world into your kitchen","url":"https:\/\/smakivera.pl\/","logo":{"@type":"ImageObject","inLanguage":"en-GB","@id":"https:\/\/smakivera.pl\/#\/schema\/logo\/image\/","url":"https:\/\/smakivera.pl\/wp-content\/uploads\/2021\/02\/vera-gastronomia.png","contentUrl":"https:\/\/smakivera.pl\/wp-content\/uploads\/2021\/02\/vera-gastronomia.png","width":200,"height":200,"caption":"VERA - Zapro\u015b ca\u0142y \u015bwiat do swojej kuchni"},"image":{"@id":"https:\/\/smakivera.pl\/#\/schema\/logo\/image\/"},"sameAs":["https:\/\/www.facebook.com\/smakivera","https:\/\/www.instagram.com\/smakivera\/","https:\/\/pl.pinterest.com\/smakivera"]},{"@type":"Person","@id":"https:\/\/smakivera.pl\/#\/schema\/person\/b887003a4f394080457d8357307cf22e","name":"veradmn","image":{"@type":"ImageObject","inLanguage":"en-GB","@id":"https:\/\/secure.gravatar.com\/avatar\/edc26caae6d3ca5e735ed5d070aecf6e10266738e4addc0d92b44360a0365c34?s=96&d=mm&r=g","url":"https:\/\/secure.gravatar.com\/avatar\/edc26caae6d3ca5e735ed5d070aecf6e10266738e4addc0d92b44360a0365c34?s=96&d=mm&r=g","contentUrl":"https:\/\/secure.gravatar.com\/avatar\/edc26caae6d3ca5e735ed5d070aecf6e10266738e4addc0d92b44360a0365c34?s=96&d=mm&r=g","caption":"veradmn"},"sameAs":["https:\/\/smakivera.pl"],"url":"https:\/\/smakivera.pl\/en\/author\/veradmn\/"}]}},"_links":{"self":[{"href":"https:\/\/smakivera.pl\/en\/wp-json\/wp\/v2\/posts\/10716","targetHints":{"allow":["GET"]}}],"collection":[{"href":"https:\/\/smakivera.pl\/en\/wp-json\/wp\/v2\/posts"}],"about":[{"href":"https:\/\/smakivera.pl\/en\/wp-json\/wp\/v2\/types\/post"}],"author":[{"embeddable":true,"href":"https:\/\/smakivera.pl\/en\/wp-json\/wp\/v2\/users\/1"}],"replies":[{"embeddable":true,"href":"https:\/\/smakivera.pl\/en\/wp-json\/wp\/v2\/comments?post=10716"}],"version-history":[{"count":4,"href":"https:\/\/smakivera.pl\/en\/wp-json\/wp\/v2\/posts\/10716\/revisions"}],"predecessor-version":[{"id":10721,"href":"https:\/\/smakivera.pl\/en\/wp-json\/wp\/v2\/posts\/10716\/revisions\/10721"}],"wp:featuredmedia":[{"embeddable":true,"href":"https:\/\/smakivera.pl\/en\/wp-json\/wp\/v2\/media\/10720"}],"wp:attachment":[{"href":"https:\/\/smakivera.pl\/en\/wp-json\/wp\/v2\/media?parent=10716"}],"wp:term":[{"taxonomy":"category","embeddable":true,"href":"https:\/\/smakivera.pl\/en\/wp-json\/wp\/v2\/categories?post=10716"},{"taxonomy":"post_tag","embeddable":true,"href":"https:\/\/smakivera.pl\/en\/wp-json\/wp\/v2\/tags?post=10716"}],"curies":[{"name":"wp","href":"https:\/\/api.w.org\/{rel}","templated":true}]}}