{"id":9837,"date":"2025-04-09T16:06:49","date_gmt":"2025-04-09T14:06:49","guid":{"rendered":"https:\/\/smakivera.pl\/?p=9837"},"modified":"2026-03-18T14:30:06","modified_gmt":"2026-03-18T13:30:06","slug":"baked-gnocchi-with-vegetables-and-sundried-tomatoes-vera","status":"publish","type":"post","link":"https:\/\/smakivera.pl\/en\/baked-gnocchi-with-vegetables-and-sundried-tomatoes-vera\/","title":{"rendered":"Baked gnocchi with vegetables and sun-dried tomatoes VERA"},"content":{"rendered":"<div class=\"pdfprnt-buttons pdfprnt-buttons-post pdfprnt-top-left\"><a href=\"https:\/\/smakivera.pl\/en\/wp-json\/wp\/v2\/posts\/9837?print=pdf\" class=\"pdfprnt-button pdfprnt-button-pdf\" target=\"_blank\"><\/a><a href=\"https:\/\/smakivera.pl\/en\/wp-json\/wp\/v2\/posts\/9837?print=print\" class=\"pdfprnt-button pdfprnt-button-print\" target=\"_blank\"><img decoding=\"async\" src=\"https:\/\/smakivera.pl\/wp-content\/plugins\/pdf-print\/images\/print.png\" alt=\"image_print\" title=\"Print Content\" \/><\/a><\/div><p><strong>Ingredients<\/strong><\/p>\n<p>1 packet of VERA gnocchi<br \/>\n6-8 sun-dried VERA tomatoes in oil<br \/>\n1 medium courgette<br \/>\n2 red onions<br \/>\n2-3 tablespoons of tomato base oil<br \/>\nsalt and pepper to taste<br \/>\noptional: 1 teaspoon of crispy chilli in oil (for fans of spiciness)<\/p>\n<p><strong>Preparation<\/strong><br \/>\nJust chop everything up, throw it on a baking tray, pour the oil from under the tomatoes, season and... into the oven! Stir a few times during baking.25 minutes and done.<\/p>\n<p>Tip: Crunching chilli in oil at the end gets the job done - but only for the brave!<\/p>","protected":false},"excerpt":{"rendered":"<p>Ingredients 1 packet of VERA gnocchi 6-8 VERA sun-dried tomatoes in oil 1 medium courgette 2 red onions 2-3 tbsp oil from under the tomatoes salt and pepper to taste optional: 1 teaspoon crispy chilli in oil (for fans of spiciness) Method Just chop everything up, put it on a baking tray, pour over with oil from under the tomatoes, season and... into the oven! Several times during [...]<\/p>","protected":false},"author":1,"featured_media":9838,"comment_status":"closed","ping_status":"closed","sticky":false,"template":"","format":"standard","meta":{"footnotes":""},"categories":[2,63,60],"tags":[],"class_list":["post-9837","post","type-post","status-publish","format-standard","has-post-thumbnail","hentry","category-kategoria-kulinarne-inspiracje","category-na-lunch","category-na-przekaske"],"yoast_head":"<!-- This site is optimized with the Yoast SEO plugin v26.5 - https:\/\/yoast.com\/wordpress\/plugins\/seo\/ -->\n<title>Pieczone gnocchi z warzywami i suszonymi pomidorami VERA - VERA - Ca\u0142y \u015bwiat w Twojej Kuchni<\/title>\n<meta name=\"description\" content=\"pieczone gnocchi z warzywami i suszonymi pomidorami VERA to syc\u0105ca propozycja na lunch. Spr\u00f3bujcie ju\u017c dzi\u015b! | Smaki Vera\" \/>\n<meta name=\"robots\" content=\"index, follow, max-snippet:-1, max-image-preview:large, max-video-preview:-1\" \/>\n<link rel=\"canonical\" href=\"https:\/\/smakivera.pl\/en\/baked-gnocchi-with-vegetables-and-sundried-tomatoes-vera\/\" \/>\n<meta property=\"og:locale\" content=\"en_GB\" \/>\n<meta property=\"og:type\" content=\"article\" \/>\n<meta property=\"og:title\" content=\"Pieczone gnocchi z warzywami i suszonymi pomidorami VERA - VERA - Ca\u0142y \u015bwiat w Twojej Kuchni\" \/>\n<meta property=\"og:description\" content=\"pieczone gnocchi z warzywami i suszonymi pomidorami VERA to syc\u0105ca propozycja na lunch. Spr\u00f3bujcie ju\u017c dzi\u015b! | Smaki Vera\" \/>\n<meta property=\"og:url\" content=\"https:\/\/smakivera.pl\/en\/baked-gnocchi-with-vegetables-and-sundried-tomatoes-vera\/\" \/>\n<meta property=\"og:site_name\" content=\"VERA - Ca\u0142y \u015bwiat w Twojej Kuchni\" \/>\n<meta property=\"article:publisher\" content=\"https:\/\/www.facebook.com\/smakivera\" \/>\n<meta property=\"article:published_time\" content=\"2025-04-09T14:06:49+00:00\" \/>\n<meta property=\"article:modified_time\" content=\"2026-03-18T13:30:06+00:00\" \/>\n<meta property=\"og:image\" content=\"https:\/\/smakivera.pl\/wp-content\/uploads\/2025\/04\/pieczone-gnocch-vera-3.jpg\" \/>\n\t<meta property=\"og:image:width\" content=\"1200\" \/>\n\t<meta property=\"og:image:height\" content=\"800\" \/>\n\t<meta property=\"og:image:type\" content=\"image\/jpeg\" \/>\n<meta name=\"author\" content=\"veradmn\" \/>\n<meta name=\"twitter:card\" content=\"summary_large_image\" \/>\n<meta name=\"twitter:label1\" content=\"Written by\" \/>\n\t<meta name=\"twitter:data1\" content=\"veradmn\" \/>\n\t<meta name=\"twitter:label2\" content=\"Estimated reading time\" \/>\n\t<meta name=\"twitter:data2\" content=\"1 minute\" \/>\n<script type=\"application\/ld+json\" class=\"yoast-schema-graph\">{\"@context\":\"https:\/\/schema.org\",\"@graph\":[{\"@type\":\"Article\",\"@id\":\"https:\/\/smakivera.pl\/pieczone-gnocchi-z-warzywami-i-suszonymi-pomidorami-vera\/#article\",\"isPartOf\":{\"@id\":\"https:\/\/smakivera.pl\/pieczone-gnocchi-z-warzywami-i-suszonymi-pomidorami-vera\/\"},\"author\":{\"name\":\"veradmn\",\"@id\":\"https:\/\/smakivera.pl\/#\/schema\/person\/b887003a4f394080457d8357307cf22e\"},\"headline\":\"Pieczone gnocchi z warzywami i suszonymi pomidorami VERA\",\"datePublished\":\"2025-04-09T14:06:49+00:00\",\"dateModified\":\"2026-03-18T13:30:06+00:00\",\"mainEntityOfPage\":{\"@id\":\"https:\/\/smakivera.pl\/pieczone-gnocchi-z-warzywami-i-suszonymi-pomidorami-vera\/\"},\"wordCount\":87,\"publisher\":{\"@id\":\"https:\/\/smakivera.pl\/#organization\"},\"image\":{\"@id\":\"https:\/\/smakivera.pl\/pieczone-gnocchi-z-warzywami-i-suszonymi-pomidorami-vera\/#primaryimage\"},\"thumbnailUrl\":\"https:\/\/smakivera.pl\/wp-content\/uploads\/2025\/04\/pieczone-gnocch-vera-3.jpg\",\"articleSection\":[\"Kulinarne inspiracje\",\"Na lunch\",\"Na przek\u0105sk\u0119\"],\"inLanguage\":\"en-GB\"},{\"@type\":\"WebPage\",\"@id\":\"https:\/\/smakivera.pl\/pieczone-gnocchi-z-warzywami-i-suszonymi-pomidorami-vera\/\",\"url\":\"https:\/\/smakivera.pl\/pieczone-gnocchi-z-warzywami-i-suszonymi-pomidorami-vera\/\",\"name\":\"Pieczone gnocchi z warzywami i suszonymi pomidorami VERA - VERA - Ca\u0142y \u015bwiat w Twojej Kuchni\",\"isPartOf\":{\"@id\":\"https:\/\/smakivera.pl\/#website\"},\"primaryImageOfPage\":{\"@id\":\"https:\/\/smakivera.pl\/pieczone-gnocchi-z-warzywami-i-suszonymi-pomidorami-vera\/#primaryimage\"},\"image\":{\"@id\":\"https:\/\/smakivera.pl\/pieczone-gnocchi-z-warzywami-i-suszonymi-pomidorami-vera\/#primaryimage\"},\"thumbnailUrl\":\"https:\/\/smakivera.pl\/wp-content\/uploads\/2025\/04\/pieczone-gnocch-vera-3.jpg\",\"datePublished\":\"2025-04-09T14:06:49+00:00\",\"dateModified\":\"2026-03-18T13:30:06+00:00\",\"description\":\"pieczone gnocchi z warzywami i suszonymi pomidorami VERA to syc\u0105ca propozycja na lunch. Spr\u00f3bujcie ju\u017c dzi\u015b! | Smaki Vera\",\"breadcrumb\":{\"@id\":\"https:\/\/smakivera.pl\/pieczone-gnocchi-z-warzywami-i-suszonymi-pomidorami-vera\/#breadcrumb\"},\"inLanguage\":\"en-GB\",\"potentialAction\":[{\"@type\":\"ReadAction\",\"target\":[\"https:\/\/smakivera.pl\/pieczone-gnocchi-z-warzywami-i-suszonymi-pomidorami-vera\/\"]}]},{\"@type\":\"ImageObject\",\"inLanguage\":\"en-GB\",\"@id\":\"https:\/\/smakivera.pl\/pieczone-gnocchi-z-warzywami-i-suszonymi-pomidorami-vera\/#primaryimage\",\"url\":\"https:\/\/smakivera.pl\/wp-content\/uploads\/2025\/04\/pieczone-gnocch-vera-3.jpg\",\"contentUrl\":\"https:\/\/smakivera.pl\/wp-content\/uploads\/2025\/04\/pieczone-gnocch-vera-3.jpg\",\"width\":1200,\"height\":800,\"caption\":\"pieczone gnocchi z warzywami i suszonymi pomidorami VERA\"},{\"@type\":\"BreadcrumbList\",\"@id\":\"https:\/\/smakivera.pl\/pieczone-gnocchi-z-warzywami-i-suszonymi-pomidorami-vera\/#breadcrumb\",\"itemListElement\":[{\"@type\":\"ListItem\",\"position\":1,\"name\":\"Strona g\u0142\u00f3wna\",\"item\":\"https:\/\/smakivera.pl\/\"},{\"@type\":\"ListItem\",\"position\":2,\"name\":\"Pieczone gnocchi z warzywami i suszonymi pomidorami VERA\"}]},{\"@type\":\"WebSite\",\"@id\":\"https:\/\/smakivera.pl\/#website\",\"url\":\"https:\/\/smakivera.pl\/\",\"name\":\"VERA - Ca\u0142y \u015bwiat w Twojej Kuchni\",\"description\":\"Udaj si\u0119 z nami w kulinarn\u0105 podr\u00f3\u017c... do s\u0142onecznej Hiszpanii po pyszne oliwy, do W\u0142och po pachn\u0105ce pomidory, a mo\u017ce do Indii po tropikalne owoce?\",\"publisher\":{\"@id\":\"https:\/\/smakivera.pl\/#organization\"},\"potentialAction\":[{\"@type\":\"SearchAction\",\"target\":{\"@type\":\"EntryPoint\",\"urlTemplate\":\"https:\/\/smakivera.pl\/?s={search_term_string}\"},\"query-input\":{\"@type\":\"PropertyValueSpecification\",\"valueRequired\":true,\"valueName\":\"search_term_string\"}}],\"inLanguage\":\"en-GB\"},{\"@type\":\"Organization\",\"@id\":\"https:\/\/smakivera.pl\/#organization\",\"name\":\"VERA - Zapro\u015b ca\u0142y \u015bwiat do swojej kuchni\",\"url\":\"https:\/\/smakivera.pl\/\",\"logo\":{\"@type\":\"ImageObject\",\"inLanguage\":\"en-GB\",\"@id\":\"https:\/\/smakivera.pl\/#\/schema\/logo\/image\/\",\"url\":\"https:\/\/smakivera.pl\/wp-content\/uploads\/2021\/02\/vera-gastronomia.png\",\"contentUrl\":\"https:\/\/smakivera.pl\/wp-content\/uploads\/2021\/02\/vera-gastronomia.png\",\"width\":200,\"height\":200,\"caption\":\"VERA - Zapro\u015b ca\u0142y \u015bwiat do swojej kuchni\"},\"image\":{\"@id\":\"https:\/\/smakivera.pl\/#\/schema\/logo\/image\/\"},\"sameAs\":[\"https:\/\/www.facebook.com\/smakivera\",\"https:\/\/www.instagram.com\/smakivera\/\",\"https:\/\/pl.pinterest.com\/smakivera\"]},{\"@type\":\"Person\",\"@id\":\"https:\/\/smakivera.pl\/#\/schema\/person\/b887003a4f394080457d8357307cf22e\",\"name\":\"veradmn\",\"image\":{\"@type\":\"ImageObject\",\"inLanguage\":\"en-GB\",\"@id\":\"https:\/\/smakivera.pl\/#\/schema\/person\/image\/\",\"url\":\"https:\/\/secure.gravatar.com\/avatar\/edc26caae6d3ca5e735ed5d070aecf6e10266738e4addc0d92b44360a0365c34?s=96&d=mm&r=g\",\"contentUrl\":\"https:\/\/secure.gravatar.com\/avatar\/edc26caae6d3ca5e735ed5d070aecf6e10266738e4addc0d92b44360a0365c34?s=96&d=mm&r=g\",\"caption\":\"veradmn\"},\"sameAs\":[\"https:\/\/smakivera.pl\"],\"url\":\"https:\/\/smakivera.pl\/en\/author\/veradmn\/\"}]}<\/script>\n<!-- \/ Yoast SEO plugin. -->","yoast_head_json":{"title":"Baked gnocchi with vegetables and sun-dried tomatoes by VERA - VERA - The Whole World in Your Kitchen","description":"VERA's roasted gnocchi with vegetables and sun-dried tomatoes is a filling lunch option. Try it today! | Flavours of Vera","robots":{"index":"index","follow":"follow","max-snippet":"max-snippet:-1","max-image-preview":"max-image-preview:large","max-video-preview":"max-video-preview:-1"},"canonical":"https:\/\/smakivera.pl\/en\/baked-gnocchi-with-vegetables-and-sundried-tomatoes-vera\/","og_locale":"en_GB","og_type":"article","og_title":"Pieczone gnocchi z warzywami i suszonymi pomidorami VERA - VERA - Ca\u0142y \u015bwiat w Twojej Kuchni","og_description":"pieczone gnocchi z warzywami i suszonymi pomidorami VERA to syc\u0105ca propozycja na lunch. Spr\u00f3bujcie ju\u017c dzi\u015b! | Smaki Vera","og_url":"https:\/\/smakivera.pl\/en\/baked-gnocchi-with-vegetables-and-sundried-tomatoes-vera\/","og_site_name":"VERA - Ca\u0142y \u015bwiat w Twojej Kuchni","article_publisher":"https:\/\/www.facebook.com\/smakivera","article_published_time":"2025-04-09T14:06:49+00:00","article_modified_time":"2026-03-18T13:30:06+00:00","og_image":[{"width":1200,"height":800,"url":"https:\/\/smakivera.pl\/wp-content\/uploads\/2025\/04\/pieczone-gnocch-vera-3.jpg","type":"image\/jpeg"}],"author":"veradmn","twitter_card":"summary_large_image","twitter_misc":{"Written by":"veradmn","Estimated reading time":"1 minute"},"schema":{"@context":"https:\/\/schema.org","@graph":[{"@type":"Article","@id":"https:\/\/smakivera.pl\/pieczone-gnocchi-z-warzywami-i-suszonymi-pomidorami-vera\/#article","isPartOf":{"@id":"https:\/\/smakivera.pl\/pieczone-gnocchi-z-warzywami-i-suszonymi-pomidorami-vera\/"},"author":{"name":"veradmn","@id":"https:\/\/smakivera.pl\/#\/schema\/person\/b887003a4f394080457d8357307cf22e"},"headline":"Pieczone gnocchi z warzywami i suszonymi pomidorami VERA","datePublished":"2025-04-09T14:06:49+00:00","dateModified":"2026-03-18T13:30:06+00:00","mainEntityOfPage":{"@id":"https:\/\/smakivera.pl\/pieczone-gnocchi-z-warzywami-i-suszonymi-pomidorami-vera\/"},"wordCount":87,"publisher":{"@id":"https:\/\/smakivera.pl\/#organization"},"image":{"@id":"https:\/\/smakivera.pl\/pieczone-gnocchi-z-warzywami-i-suszonymi-pomidorami-vera\/#primaryimage"},"thumbnailUrl":"https:\/\/smakivera.pl\/wp-content\/uploads\/2025\/04\/pieczone-gnocch-vera-3.jpg","articleSection":["Kulinarne inspiracje","Na lunch","Na przek\u0105sk\u0119"],"inLanguage":"en-GB"},{"@type":"WebPage","@id":"https:\/\/smakivera.pl\/pieczone-gnocchi-z-warzywami-i-suszonymi-pomidorami-vera\/","url":"https:\/\/smakivera.pl\/pieczone-gnocchi-z-warzywami-i-suszonymi-pomidorami-vera\/","name":"Baked gnocchi with vegetables and sun-dried tomatoes by VERA - VERA - The Whole World in Your Kitchen","isPartOf":{"@id":"https:\/\/smakivera.pl\/#website"},"primaryImageOfPage":{"@id":"https:\/\/smakivera.pl\/pieczone-gnocchi-z-warzywami-i-suszonymi-pomidorami-vera\/#primaryimage"},"image":{"@id":"https:\/\/smakivera.pl\/pieczone-gnocchi-z-warzywami-i-suszonymi-pomidorami-vera\/#primaryimage"},"thumbnailUrl":"https:\/\/smakivera.pl\/wp-content\/uploads\/2025\/04\/pieczone-gnocch-vera-3.jpg","datePublished":"2025-04-09T14:06:49+00:00","dateModified":"2026-03-18T13:30:06+00:00","description":"VERA's roasted gnocchi with vegetables and sun-dried tomatoes is a filling lunch option. Try it today! | Flavours of Vera","breadcrumb":{"@id":"https:\/\/smakivera.pl\/pieczone-gnocchi-z-warzywami-i-suszonymi-pomidorami-vera\/#breadcrumb"},"inLanguage":"en-GB","potentialAction":[{"@type":"ReadAction","target":["https:\/\/smakivera.pl\/pieczone-gnocchi-z-warzywami-i-suszonymi-pomidorami-vera\/"]}]},{"@type":"ImageObject","inLanguage":"en-GB","@id":"https:\/\/smakivera.pl\/pieczone-gnocchi-z-warzywami-i-suszonymi-pomidorami-vera\/#primaryimage","url":"https:\/\/smakivera.pl\/wp-content\/uploads\/2025\/04\/pieczone-gnocch-vera-3.jpg","contentUrl":"https:\/\/smakivera.pl\/wp-content\/uploads\/2025\/04\/pieczone-gnocch-vera-3.jpg","width":1200,"height":800,"caption":"pieczone gnocchi z warzywami i suszonymi pomidorami VERA"},{"@type":"BreadcrumbList","@id":"https:\/\/smakivera.pl\/pieczone-gnocchi-z-warzywami-i-suszonymi-pomidorami-vera\/#breadcrumb","itemListElement":[{"@type":"ListItem","position":1,"name":"Strona g\u0142\u00f3wna","item":"https:\/\/smakivera.pl\/"},{"@type":"ListItem","position":2,"name":"Pieczone gnocchi z warzywami i suszonymi pomidorami VERA"}]},{"@type":"WebSite","@id":"https:\/\/smakivera.pl\/#website","url":"https:\/\/smakivera.pl\/","name":"VERA - A whole world in your kitchen","description":"Come with us on a culinary journey... to sunny Spain for delicious oils, to Italy for fragrant tomatoes, or perhaps to India for tropical fruits?","publisher":{"@id":"https:\/\/smakivera.pl\/#organization"},"potentialAction":[{"@type":"SearchAction","target":{"@type":"EntryPoint","urlTemplate":"https:\/\/smakivera.pl\/?s={search_term_string}"},"query-input":{"@type":"PropertyValueSpecification","valueRequired":true,"valueName":"search_term_string"}}],"inLanguage":"en-GB"},{"@type":"Organization","@id":"https:\/\/smakivera.pl\/#organization","name":"VERA - Invite the whole world into your kitchen","url":"https:\/\/smakivera.pl\/","logo":{"@type":"ImageObject","inLanguage":"en-GB","@id":"https:\/\/smakivera.pl\/#\/schema\/logo\/image\/","url":"https:\/\/smakivera.pl\/wp-content\/uploads\/2021\/02\/vera-gastronomia.png","contentUrl":"https:\/\/smakivera.pl\/wp-content\/uploads\/2021\/02\/vera-gastronomia.png","width":200,"height":200,"caption":"VERA - Zapro\u015b ca\u0142y \u015bwiat do swojej kuchni"},"image":{"@id":"https:\/\/smakivera.pl\/#\/schema\/logo\/image\/"},"sameAs":["https:\/\/www.facebook.com\/smakivera","https:\/\/www.instagram.com\/smakivera\/","https:\/\/pl.pinterest.com\/smakivera"]},{"@type":"Person","@id":"https:\/\/smakivera.pl\/#\/schema\/person\/b887003a4f394080457d8357307cf22e","name":"veradmn","image":{"@type":"ImageObject","inLanguage":"en-GB","@id":"https:\/\/smakivera.pl\/#\/schema\/person\/image\/","url":"https:\/\/secure.gravatar.com\/avatar\/edc26caae6d3ca5e735ed5d070aecf6e10266738e4addc0d92b44360a0365c34?s=96&d=mm&r=g","contentUrl":"https:\/\/secure.gravatar.com\/avatar\/edc26caae6d3ca5e735ed5d070aecf6e10266738e4addc0d92b44360a0365c34?s=96&d=mm&r=g","caption":"veradmn"},"sameAs":["https:\/\/smakivera.pl"],"url":"https:\/\/smakivera.pl\/en\/author\/veradmn\/"}]}},"_links":{"self":[{"href":"https:\/\/smakivera.pl\/en\/wp-json\/wp\/v2\/posts\/9837","targetHints":{"allow":["GET"]}}],"collection":[{"href":"https:\/\/smakivera.pl\/en\/wp-json\/wp\/v2\/posts"}],"about":[{"href":"https:\/\/smakivera.pl\/en\/wp-json\/wp\/v2\/types\/post"}],"author":[{"embeddable":true,"href":"https:\/\/smakivera.pl\/en\/wp-json\/wp\/v2\/users\/1"}],"replies":[{"embeddable":true,"href":"https:\/\/smakivera.pl\/en\/wp-json\/wp\/v2\/comments?post=9837"}],"version-history":[{"count":1,"href":"https:\/\/smakivera.pl\/en\/wp-json\/wp\/v2\/posts\/9837\/revisions"}],"predecessor-version":[{"id":9839,"href":"https:\/\/smakivera.pl\/en\/wp-json\/wp\/v2\/posts\/9837\/revisions\/9839"}],"wp:featuredmedia":[{"embeddable":true,"href":"https:\/\/smakivera.pl\/en\/wp-json\/wp\/v2\/media\/9838"}],"wp:attachment":[{"href":"https:\/\/smakivera.pl\/en\/wp-json\/wp\/v2\/media?parent=9837"}],"wp:term":[{"taxonomy":"category","embeddable":true,"href":"https:\/\/smakivera.pl\/en\/wp-json\/wp\/v2\/categories?post=9837"},{"taxonomy":"post_tag","embeddable":true,"href":"https:\/\/smakivera.pl\/en\/wp-json\/wp\/v2\/tags?post=9837"}],"curies":[{"name":"wp","href":"https:\/\/api.w.org\/{rel}","templated":true}]}}