{"id":9794,"date":"2025-04-09T14:10:36","date_gmt":"2025-04-09T12:10:36","guid":{"rendered":"https:\/\/smakivera.pl\/?p=9794"},"modified":"2026-03-18T14:30:06","modified_gmt":"2026-03-18T13:30:06","slug":"\u0445\u0440\u0443\u0441\u0442\u043a\u0456-\u043a\u0443\u043a\u0443\u0440\u0443\u0434\u0437\u044f\u043d\u0456-\u043a\u043e\u0440\u0436\u0456","status":"publish","type":"post","link":"https:\/\/smakivera.pl\/ua\/\u0445\u0440\u0443\u0441\u0442\u043a\u0456-\u043a\u0443\u043a\u0443\u0440\u0443\u0434\u0437\u044f\u043d\u0456-\u043a\u043e\u0440\u0436\u0456\/","title":{"rendered":"\u0425\u0440\u0443\u0441\u0442\u043a\u0456 \u043a\u0443\u043a\u0443\u0440\u0443\u0434\u0437\u044f\u043d\u0456 \u043a\u043e\u0440\u0436\u0456"},"content":{"rendered":"<div class=\"pdfprnt-buttons pdfprnt-buttons-post pdfprnt-top-left\"><a href=\"https:\/\/smakivera.pl\/ua\/wp-json\/wp\/v2\/posts\/9794?print=pdf\" class=\"pdfprnt-button pdfprnt-button-pdf\" target=\"_blank\"><\/a><a href=\"https:\/\/smakivera.pl\/ua\/wp-json\/wp\/v2\/posts\/9794?print=print\" class=\"pdfprnt-button pdfprnt-button-print\" target=\"_blank\"><img decoding=\"async\" src=\"https:\/\/smakivera.pl\/wp-content\/plugins\/pdf-print\/images\/print.png\" alt=\"image_print\" title=\"\u0414\u0440\u0443\u043a\u0443\u0432\u0430\u0442\u0438 \u043a\u043e\u043d\u0442\u0435\u043d\u0442\" \/><\/a><\/div><p><strong>\u0406\u043d\u0433\u0440\u0435\u0434\u0456\u0454\u043d\u0442\u0438<\/strong><\/p>\n<p><em>4 \u043f\u043e\u0440\u0446\u0456\u0457<\/em><\/p>\n<p>1 \u0431\u0430\u043d\u043a\u0430 \u043a\u0443\u043a\u0443\u0440\u0443\u0434\u0437\u0438 VERA<br \/>\n1 \u044f\u0439\u0446\u0435<br \/>\n2 \u0441\u0442.\u043b. \u043c\u043e\u043b\u043e\u043a\u0430<br \/>\n6 \u0441\u0442\u043e\u043b\u043e\u0432\u0438\u0445 \u043b\u043e\u0436\u043e\u043a \u0431\u043e\u0440\u043e\u0448\u043d\u0430<br \/>\n\u00bd \u0447\u0430\u0439\u043d\u043e\u0457 \u043b\u043e\u0436\u043a\u0438 \u0440\u043e\u0437\u043f\u0443\u0448\u0443\u0432\u0430\u0447\u0430<br \/>\n\u0414\u0440\u0456\u0431\u043a\u0430 \u0441\u043e\u043b\u043e\u0434\u043a\u043e\u0457 \u043f\u0430\u043f\u0440\u0438\u043a\u0438, \u0441\u0456\u043b\u044c \u0456 \u043f\u0435\u0440\u0435\u0446\u044c<br \/>\n\u041e\u043b\u0438\u0432\u043a\u043e\u0432\u0430 \u043e\u043b\u0456\u044f VERA \u0434\u043b\u044f \u0441\u043c\u0430\u0436\u0435\u043d\u043d\u044f<\/p>\n<p><strong>\u0420\u0435\u0430\u043b\u0456\u0437\u0430\u0446\u0456\u044f<\/strong><\/p>\n<p>\u0417\u043c\u0456\u0448\u0430\u0439\u0442\u0435 \u043a\u0443\u043a\u0443\u0440\u0443\u0434\u0437\u0443 \u0437 \u043f\u0430\u043f\u0440\u0438\u043a\u043e\u044e, \u0434\u043e\u0434\u0430\u0439\u0442\u0435 \u044f\u0439\u0446\u0435, \u0431\u043e\u0440\u043e\u0448\u043d\u043e \u0437 \u0440\u043e\u0437\u043f\u0443\u0448\u0443\u0432\u0430\u0447\u0435\u043c, \u043c\u043e\u043b\u043e\u043a\u043e, \u0441\u0456\u043b\u044c \u0456 \u043f\u0435\u0440\u0435\u0446\u044c. \u0420\u043e\u0437\u0456\u0433\u0440\u0456\u0432\u0430\u0454\u043c\u043e \u043e\u043b\u0456\u044e \u043d\u0430 \u0441\u043a\u043e\u0432\u043e\u0440\u043e\u0434\u0456, \u0432\u0438\u043a\u043b\u0430\u0434\u0430\u0454\u043c\u043e \u043b\u043e\u0436\u043a\u043e\u044e \u043d\u0435\u0432\u0435\u043b\u0438\u043a\u0456 \u043a\u043e\u0442\u043b\u0435\u0442\u043a\u0438 \u0456 \u043e\u0431\u0441\u043c\u0430\u0436\u0443\u0454\u043c\u043e \u0434\u043e \u0440\u0443\u043c'\u044f\u043d\u043e\u0457 \u0441\u043a\u043e\u0440\u0438\u043d\u043a\u0438. \u0417 \u0447\u0438\u043c \u043f\u043e\u0434\u0430\u0432\u0430\u0442\u0438? \u0414\u0430\u0439\u0442\u0435 \u0432\u043e\u043b\u044e \u0441\u0432\u043e\u0457\u0439 \u0444\u0430\u043d\u0442\u0430\u0437\u0456\u0457 \u0437 \u0441\u043e\u0443\u0441\u0430\u043c\u0438 - \u0447\u0430\u0441\u043d\u0438\u043a\u043e\u0432\u0438\u0439 \u0441\u043e\u0443\u0441, \u0430\u0437\u0456\u0430\u0442\u0441\u044c\u043a\u0438\u0439 \u0441\u043e\u0443\u0441 \u0447\u0438\u043b\u0456 \u0430\u0431\u043e \u0431\u0443\u0434\u044c-\u044f\u043a\u0438\u0439 \u0456\u043d\u0448\u0438\u0439, \u044f\u043a\u0438\u0439 \u0432\u0438 \u043b\u044e\u0431\u0438\u0442\u0435!<\/p>\n<p><img decoding=\"async\" src=\"https:\/\/smakivera.pl\/wp-content\/uploads\/2025\/04\/przepis-vera-kukurydziane-placki2.webp\" alt=\"\u0425\u0440\u0443\u0441\u0442\u043a\u0456 \u043a\u0443\u043a\u0443\u0440\u0443\u0434\u0437\u044f\u043d\u0456 \u043a\u043e\u0440\u0436\u0456\" width=\"full\" class=\"alignleft size-medium wp-image-9797\" srcset=\"https:\/\/smakivera.pl\/wp-content\/uploads\/2025\/04\/przepis-vera-kukurydziane-placki2.webp 800w, https:\/\/smakivera.pl\/wp-content\/uploads\/2025\/04\/przepis-vera-kukurydziane-placki2-200x300.webp 200w, https:\/\/smakivera.pl\/wp-content\/uploads\/2025\/04\/przepis-vera-kukurydziane-placki2-683x1024.webp 683w, https:\/\/smakivera.pl\/wp-content\/uploads\/2025\/04\/przepis-vera-kukurydziane-placki2-768x1152.webp 768w, https:\/\/smakivera.pl\/wp-content\/uploads\/2025\/04\/przepis-vera-kukurydziane-placki2-8x12.webp 8w, https:\/\/smakivera.pl\/wp-content\/uploads\/2025\/04\/przepis-vera-kukurydziane-placki2-600x900.webp 600w\" sizes=\"(max-width: 800px) 100vw, 800px\" \/><\/p>","protected":false},"excerpt":{"rendered":"<p>\u0406\u043d\u0433\u0440\u0435\u0434\u0456\u0454\u043d\u0442\u0438 4 \u043f\u043e\u0440\u0446\u0456\u0457 1 \u0431\u0430\u043d\u043a\u0430 \u043a\u0443\u043a\u0443\u0440\u0443\u0434\u0437\u0438 VERA 1 \u044f\u0439\u0446\u0435 2 \u0441\u0442.\u043b. \u043c\u043e\u043b\u043e\u043a\u0430 6 \u0441\u0442.\u043b. \u0431\u043e\u0440\u043e\u0448\u043d\u0430 \u00bd \u0447\u0430\u0439\u043d\u043e\u0457 \u043b\u043e\u0436\u043a\u0438 \u0440\u043e\u0437\u043f\u0443\u0448\u0443\u0432\u0430\u0447\u0430 \u0414\u0440\u0456\u0431\u043a\u0430 \u0441\u043e\u043b\u043e\u0434\u043a\u043e\u0457 \u043f\u0430\u043f\u0440\u0438\u043a\u0438, \u0441\u0456\u043b\u044c \u0456 \u043f\u0435\u0440\u0435\u0446\u044c \u043e\u043b\u0438\u0432\u043a\u043e\u0432\u0430 \u043e\u043b\u0456\u044f VERA \u0434\u043b\u044f \u0441\u043c\u0430\u0436\u0435\u043d\u043d\u044f \u0421\u043f\u043e\u0441\u0456\u0431 \u043f\u0440\u0438\u0433\u043e\u0442\u0443\u0432\u0430\u043d\u043d\u044f \u0417\u043c\u0456\u0448\u0430\u0442\u0438 \u043a\u0443\u043a\u0443\u0440\u0443\u0434\u0437\u0443 \u0437 \u043f\u0430\u043f\u0440\u0438\u043a\u043e\u044e, \u043f\u043e\u0442\u0456\u043c \u0434\u043e\u0434\u0430\u0442\u0438 \u044f\u0439\u0446\u0435, \u0431\u043e\u0440\u043e\u0448\u043d\u043e \u0437 \u0440\u043e\u0437\u043f\u0443\u0448\u0443\u0432\u0430\u0447\u0435\u043c, \u043c\u043e\u043b\u043e\u043a\u043e, \u0441\u0456\u043b\u044c \u0456 \u043f\u0435\u0440\u0435\u0446\u044c. \u0420\u043e\u0437\u0456\u0433\u0440\u0456\u0442\u0438 \u043d\u0430 \u0441\u043a\u043e\u0432\u043e\u0440\u043e\u0434\u0456 [...].<\/p>","protected":false},"author":1,"featured_media":9799,"comment_status":"closed","ping_status":"closed","sticky":false,"template":"","format":"standard","meta":{"footnotes":""},"categories":[2,63,60],"tags":[],"class_list":["post-9794","post","type-post","status-publish","format-standard","has-post-thumbnail","hentry","category-kategoria-kulinarne-inspiracje","category-na-lunch","category-na-przekaske"],"yoast_head":"<!-- This site is optimized with the Yoast SEO plugin v26.5 - https:\/\/yoast.com\/wordpress\/plugins\/seo\/ -->\n<title>Chrupi\u0105ce placki z kukurydzy - VERA - Ca\u0142y \u015bwiat w Twojej Kuchni<\/title>\n<meta name=\"description\" content=\"Co na obiad? A mo\u017ce chrupi\u0105ce placki z kukurydzy? Mo\u017cna je podawa\u0107 jako samodzielne danie, ale i dodatek do mi\u0119sa | Smaki Vera\" \/>\n<meta name=\"robots\" content=\"index, follow, max-snippet:-1, max-image-preview:large, max-video-preview:-1\" \/>\n<link rel=\"canonical\" href=\"https:\/\/smakivera.pl\/ua\/\u0445\u0440\u0443\u0441\u0442\u043a\u0456-\u043a\u0443\u043a\u0443\u0440\u0443\u0434\u0437\u044f\u043d\u0456-\u043a\u043e\u0440\u0436\u0456\/\" \/>\n<meta property=\"og:locale\" content=\"uk_UA\" \/>\n<meta property=\"og:type\" content=\"article\" \/>\n<meta property=\"og:title\" content=\"Chrupi\u0105ce placki z kukurydzy - VERA - Ca\u0142y \u015bwiat w Twojej Kuchni\" \/>\n<meta property=\"og:description\" content=\"Co na obiad? A mo\u017ce chrupi\u0105ce placki z kukurydzy? Mo\u017cna je podawa\u0107 jako samodzielne danie, ale i dodatek do mi\u0119sa | Smaki Vera\" \/>\n<meta property=\"og:url\" content=\"https:\/\/smakivera.pl\/ua\/\u0445\u0440\u0443\u0441\u0442\u043a\u0456-\u043a\u0443\u043a\u0443\u0440\u0443\u0434\u0437\u044f\u043d\u0456-\u043a\u043e\u0440\u0436\u0456\/\" \/>\n<meta property=\"og:site_name\" content=\"VERA - Ca\u0142y \u015bwiat w Twojej Kuchni\" \/>\n<meta property=\"article:publisher\" content=\"https:\/\/www.facebook.com\/smakivera\" \/>\n<meta property=\"article:published_time\" content=\"2025-04-09T12:10:36+00:00\" \/>\n<meta property=\"article:modified_time\" content=\"2026-03-18T13:30:06+00:00\" \/>\n<meta property=\"og:image\" content=\"https:\/\/smakivera.pl\/wp-content\/uploads\/2025\/04\/przepis-vera-kukurydziane-placki.webp\" \/>\n\t<meta property=\"og:image:width\" content=\"1200\" \/>\n\t<meta property=\"og:image:height\" content=\"800\" \/>\n\t<meta property=\"og:image:type\" content=\"image\/webp\" \/>\n<meta name=\"author\" content=\"veradmn\" \/>\n<meta name=\"twitter:card\" content=\"summary_large_image\" \/>\n<meta name=\"twitter:label1\" content=\"\u041d\u0430\u043f\u0438\u0441\u0430\u043d\u043e\" \/>\n\t<meta name=\"twitter:data1\" content=\"veradmn\" \/>\n\t<meta name=\"twitter:label2\" content=\"\u041f\u0440\u0438\u0431\u043b. \u0447\u0430\u0441 \u0447\u0438\u0442\u0430\u043d\u043d\u044f\" \/>\n\t<meta name=\"twitter:data2\" content=\"1 \u0445\u0432\u0438\u043b\u0438\u043d\u0430\" \/>\n<script type=\"application\/ld+json\" class=\"yoast-schema-graph\">{\"@context\":\"https:\/\/schema.org\",\"@graph\":[{\"@type\":\"Article\",\"@id\":\"https:\/\/smakivera.pl\/chrupiace-placki-z-kukurydzy\/#article\",\"isPartOf\":{\"@id\":\"https:\/\/smakivera.pl\/chrupiace-placki-z-kukurydzy\/\"},\"author\":{\"name\":\"veradmn\",\"@id\":\"https:\/\/smakivera.pl\/#\/schema\/person\/b887003a4f394080457d8357307cf22e\"},\"headline\":\"Chrupi\u0105ce placki z kukurydzy\",\"datePublished\":\"2025-04-09T12:10:36+00:00\",\"dateModified\":\"2026-03-18T13:30:06+00:00\",\"mainEntityOfPage\":{\"@id\":\"https:\/\/smakivera.pl\/chrupiace-placki-z-kukurydzy\/\"},\"wordCount\":100,\"publisher\":{\"@id\":\"https:\/\/smakivera.pl\/#organization\"},\"image\":{\"@id\":\"https:\/\/smakivera.pl\/chrupiace-placki-z-kukurydzy\/#primaryimage\"},\"thumbnailUrl\":\"https:\/\/smakivera.pl\/wp-content\/uploads\/2025\/04\/przepis-vera-kukurydziane-placki.webp\",\"articleSection\":[\"Kulinarne inspiracje\",\"Na lunch\",\"Na przek\u0105sk\u0119\"],\"inLanguage\":\"uk\"},{\"@type\":\"WebPage\",\"@id\":\"https:\/\/smakivera.pl\/chrupiace-placki-z-kukurydzy\/\",\"url\":\"https:\/\/smakivera.pl\/chrupiace-placki-z-kukurydzy\/\",\"name\":\"Chrupi\u0105ce placki z kukurydzy - VERA - Ca\u0142y \u015bwiat w Twojej Kuchni\",\"isPartOf\":{\"@id\":\"https:\/\/smakivera.pl\/#website\"},\"primaryImageOfPage\":{\"@id\":\"https:\/\/smakivera.pl\/chrupiace-placki-z-kukurydzy\/#primaryimage\"},\"image\":{\"@id\":\"https:\/\/smakivera.pl\/chrupiace-placki-z-kukurydzy\/#primaryimage\"},\"thumbnailUrl\":\"https:\/\/smakivera.pl\/wp-content\/uploads\/2025\/04\/przepis-vera-kukurydziane-placki.webp\",\"datePublished\":\"2025-04-09T12:10:36+00:00\",\"dateModified\":\"2026-03-18T13:30:06+00:00\",\"description\":\"Co na obiad? A mo\u017ce chrupi\u0105ce placki z kukurydzy? Mo\u017cna je podawa\u0107 jako samodzielne danie, ale i dodatek do mi\u0119sa | Smaki Vera\",\"breadcrumb\":{\"@id\":\"https:\/\/smakivera.pl\/chrupiace-placki-z-kukurydzy\/#breadcrumb\"},\"inLanguage\":\"uk\",\"potentialAction\":[{\"@type\":\"ReadAction\",\"target\":[\"https:\/\/smakivera.pl\/chrupiace-placki-z-kukurydzy\/\"]}]},{\"@type\":\"ImageObject\",\"inLanguage\":\"uk\",\"@id\":\"https:\/\/smakivera.pl\/chrupiace-placki-z-kukurydzy\/#primaryimage\",\"url\":\"https:\/\/smakivera.pl\/wp-content\/uploads\/2025\/04\/przepis-vera-kukurydziane-placki.webp\",\"contentUrl\":\"https:\/\/smakivera.pl\/wp-content\/uploads\/2025\/04\/przepis-vera-kukurydziane-placki.webp\",\"width\":1200,\"height\":800,\"caption\":\"Chrupi\u0105ce placki z kukurydzy\"},{\"@type\":\"BreadcrumbList\",\"@id\":\"https:\/\/smakivera.pl\/chrupiace-placki-z-kukurydzy\/#breadcrumb\",\"itemListElement\":[{\"@type\":\"ListItem\",\"position\":1,\"name\":\"Strona g\u0142\u00f3wna\",\"item\":\"https:\/\/smakivera.pl\/\"},{\"@type\":\"ListItem\",\"position\":2,\"name\":\"Chrupi\u0105ce placki z kukurydzy\"}]},{\"@type\":\"WebSite\",\"@id\":\"https:\/\/smakivera.pl\/#website\",\"url\":\"https:\/\/smakivera.pl\/\",\"name\":\"VERA - Ca\u0142y \u015bwiat w Twojej Kuchni\",\"description\":\"Udaj si\u0119 z nami w kulinarn\u0105 podr\u00f3\u017c... do s\u0142onecznej Hiszpanii po pyszne oliwy, do W\u0142och po pachn\u0105ce pomidory, a mo\u017ce do Indii po tropikalne owoce?\",\"publisher\":{\"@id\":\"https:\/\/smakivera.pl\/#organization\"},\"potentialAction\":[{\"@type\":\"SearchAction\",\"target\":{\"@type\":\"EntryPoint\",\"urlTemplate\":\"https:\/\/smakivera.pl\/?s={search_term_string}\"},\"query-input\":{\"@type\":\"PropertyValueSpecification\",\"valueRequired\":true,\"valueName\":\"search_term_string\"}}],\"inLanguage\":\"uk\"},{\"@type\":\"Organization\",\"@id\":\"https:\/\/smakivera.pl\/#organization\",\"name\":\"VERA - Zapro\u015b ca\u0142y \u015bwiat do swojej kuchni\",\"url\":\"https:\/\/smakivera.pl\/\",\"logo\":{\"@type\":\"ImageObject\",\"inLanguage\":\"uk\",\"@id\":\"https:\/\/smakivera.pl\/#\/schema\/logo\/image\/\",\"url\":\"https:\/\/smakivera.pl\/wp-content\/uploads\/2021\/02\/vera-gastronomia.png\",\"contentUrl\":\"https:\/\/smakivera.pl\/wp-content\/uploads\/2021\/02\/vera-gastronomia.png\",\"width\":200,\"height\":200,\"caption\":\"VERA - Zapro\u015b ca\u0142y \u015bwiat do swojej kuchni\"},\"image\":{\"@id\":\"https:\/\/smakivera.pl\/#\/schema\/logo\/image\/\"},\"sameAs\":[\"https:\/\/www.facebook.com\/smakivera\",\"https:\/\/www.instagram.com\/smakivera\/\",\"https:\/\/pl.pinterest.com\/smakivera\"]},{\"@type\":\"Person\",\"@id\":\"https:\/\/smakivera.pl\/#\/schema\/person\/b887003a4f394080457d8357307cf22e\",\"name\":\"veradmn\",\"image\":{\"@type\":\"ImageObject\",\"inLanguage\":\"uk\",\"@id\":\"https:\/\/smakivera.pl\/#\/schema\/person\/image\/\",\"url\":\"https:\/\/secure.gravatar.com\/avatar\/edc26caae6d3ca5e735ed5d070aecf6e10266738e4addc0d92b44360a0365c34?s=96&d=mm&r=g\",\"contentUrl\":\"https:\/\/secure.gravatar.com\/avatar\/edc26caae6d3ca5e735ed5d070aecf6e10266738e4addc0d92b44360a0365c34?s=96&d=mm&r=g\",\"caption\":\"veradmn\"},\"sameAs\":[\"https:\/\/smakivera.pl\"],\"url\":\"https:\/\/smakivera.pl\/ua\/author\/veradmn\/\"}]}<\/script>\n<!-- \/ Yoast SEO plugin. -->","yoast_head_json":{"title":"\u0425\u0440\u0443\u0441\u0442\u043a\u0456 \u043a\u0443\u043a\u0443\u0440\u0443\u0434\u0437\u044f\u043d\u0456 \u043a\u043e\u0440\u0436\u0456 - VERA - \u0412\u0435\u0441\u044c \u0441\u0432\u0456\u0442 \u043d\u0430 \u0432\u0430\u0448\u0456\u0439 \u043a\u0443\u0445\u043d\u0456","description":"\u0429\u043e \u043d\u0430 \u0432\u0435\u0447\u0435\u0440\u044e? \u042f\u043a \u0449\u043e\u0434\u043e \u0445\u0440\u0443\u0441\u0442\u043a\u0438\u0445 \u043a\u0443\u043a\u0443\u0440\u0443\u0434\u0437\u044f\u043d\u0438\u0445 \u043a\u043e\u0440\u0436\u0456\u0432? \u0407\u0445 \u043c\u043e\u0436\u043d\u0430 \u043f\u043e\u0434\u0430\u0432\u0430\u0442\u0438 \u044f\u043a \u0441\u0430\u043c\u043e\u0441\u0442\u0456\u0439\u043d\u0443 \u0441\u0442\u0440\u0430\u0432\u0443, \u0430 \u0442\u0430\u043a\u043e\u0436 \u044f\u043a \u0433\u0430\u0440\u043d\u0456\u0440 \u0434\u043e \u043c'\u044f\u0441\u0430 | \u0421\u043c\u0430\u043a\u0438 \u0412\u0456\u0440\u0438","robots":{"index":"index","follow":"follow","max-snippet":"max-snippet:-1","max-image-preview":"max-image-preview:large","max-video-preview":"max-video-preview:-1"},"canonical":"https:\/\/smakivera.pl\/ua\/\u0445\u0440\u0443\u0441\u0442\u043a\u0456-\u043a\u0443\u043a\u0443\u0440\u0443\u0434\u0437\u044f\u043d\u0456-\u043a\u043e\u0440\u0436\u0456\/","og_locale":"uk_UA","og_type":"article","og_title":"Chrupi\u0105ce placki z kukurydzy - VERA - Ca\u0142y \u015bwiat w Twojej Kuchni","og_description":"Co na obiad? A mo\u017ce chrupi\u0105ce placki z kukurydzy? Mo\u017cna je podawa\u0107 jako samodzielne danie, ale i dodatek do mi\u0119sa | Smaki Vera","og_url":"https:\/\/smakivera.pl\/ua\/\u0445\u0440\u0443\u0441\u0442\u043a\u0456-\u043a\u0443\u043a\u0443\u0440\u0443\u0434\u0437\u044f\u043d\u0456-\u043a\u043e\u0440\u0436\u0456\/","og_site_name":"VERA - Ca\u0142y \u015bwiat w Twojej Kuchni","article_publisher":"https:\/\/www.facebook.com\/smakivera","article_published_time":"2025-04-09T12:10:36+00:00","article_modified_time":"2026-03-18T13:30:06+00:00","og_image":[{"width":1200,"height":800,"url":"https:\/\/smakivera.pl\/wp-content\/uploads\/2025\/04\/przepis-vera-kukurydziane-placki.webp","type":"image\/webp"}],"author":"veradmn","twitter_card":"summary_large_image","twitter_misc":{"\u041d\u0430\u043f\u0438\u0441\u0430\u043d\u043e":"veradmn","\u041f\u0440\u0438\u0431\u043b. \u0447\u0430\u0441 \u0447\u0438\u0442\u0430\u043d\u043d\u044f":"1 \u0445\u0432\u0438\u043b\u0438\u043d\u0430"},"schema":{"@context":"https:\/\/schema.org","@graph":[{"@type":"Article","@id":"https:\/\/smakivera.pl\/chrupiace-placki-z-kukurydzy\/#article","isPartOf":{"@id":"https:\/\/smakivera.pl\/chrupiace-placki-z-kukurydzy\/"},"author":{"name":"veradmn","@id":"https:\/\/smakivera.pl\/#\/schema\/person\/b887003a4f394080457d8357307cf22e"},"headline":"Chrupi\u0105ce placki z kukurydzy","datePublished":"2025-04-09T12:10:36+00:00","dateModified":"2026-03-18T13:30:06+00:00","mainEntityOfPage":{"@id":"https:\/\/smakivera.pl\/chrupiace-placki-z-kukurydzy\/"},"wordCount":100,"publisher":{"@id":"https:\/\/smakivera.pl\/#organization"},"image":{"@id":"https:\/\/smakivera.pl\/chrupiace-placki-z-kukurydzy\/#primaryimage"},"thumbnailUrl":"https:\/\/smakivera.pl\/wp-content\/uploads\/2025\/04\/przepis-vera-kukurydziane-placki.webp","articleSection":["Kulinarne inspiracje","Na lunch","Na przek\u0105sk\u0119"],"inLanguage":"uk"},{"@type":"WebPage","@id":"https:\/\/smakivera.pl\/chrupiace-placki-z-kukurydzy\/","url":"https:\/\/smakivera.pl\/chrupiace-placki-z-kukurydzy\/","name":"\u0425\u0440\u0443\u0441\u0442\u043a\u0456 \u043a\u0443\u043a\u0443\u0440\u0443\u0434\u0437\u044f\u043d\u0456 \u043a\u043e\u0440\u0436\u0456 - VERA - \u0412\u0435\u0441\u044c \u0441\u0432\u0456\u0442 \u043d\u0430 \u0432\u0430\u0448\u0456\u0439 \u043a\u0443\u0445\u043d\u0456","isPartOf":{"@id":"https:\/\/smakivera.pl\/#website"},"primaryImageOfPage":{"@id":"https:\/\/smakivera.pl\/chrupiace-placki-z-kukurydzy\/#primaryimage"},"image":{"@id":"https:\/\/smakivera.pl\/chrupiace-placki-z-kukurydzy\/#primaryimage"},"thumbnailUrl":"https:\/\/smakivera.pl\/wp-content\/uploads\/2025\/04\/przepis-vera-kukurydziane-placki.webp","datePublished":"2025-04-09T12:10:36+00:00","dateModified":"2026-03-18T13:30:06+00:00","description":"\u0429\u043e \u043d\u0430 \u0432\u0435\u0447\u0435\u0440\u044e? \u042f\u043a \u0449\u043e\u0434\u043e \u0445\u0440\u0443\u0441\u0442\u043a\u0438\u0445 \u043a\u0443\u043a\u0443\u0440\u0443\u0434\u0437\u044f\u043d\u0438\u0445 \u043a\u043e\u0440\u0436\u0456\u0432? \u0407\u0445 \u043c\u043e\u0436\u043d\u0430 \u043f\u043e\u0434\u0430\u0432\u0430\u0442\u0438 \u044f\u043a \u0441\u0430\u043c\u043e\u0441\u0442\u0456\u0439\u043d\u0443 \u0441\u0442\u0440\u0430\u0432\u0443, \u0430 \u0442\u0430\u043a\u043e\u0436 \u044f\u043a \u0433\u0430\u0440\u043d\u0456\u0440 \u0434\u043e \u043c'\u044f\u0441\u0430 | \u0421\u043c\u0430\u043a\u0438 \u0412\u0456\u0440\u0438","breadcrumb":{"@id":"https:\/\/smakivera.pl\/chrupiace-placki-z-kukurydzy\/#breadcrumb"},"inLanguage":"uk","potentialAction":[{"@type":"ReadAction","target":["https:\/\/smakivera.pl\/chrupiace-placki-z-kukurydzy\/"]}]},{"@type":"ImageObject","inLanguage":"uk","@id":"https:\/\/smakivera.pl\/chrupiace-placki-z-kukurydzy\/#primaryimage","url":"https:\/\/smakivera.pl\/wp-content\/uploads\/2025\/04\/przepis-vera-kukurydziane-placki.webp","contentUrl":"https:\/\/smakivera.pl\/wp-content\/uploads\/2025\/04\/przepis-vera-kukurydziane-placki.webp","width":1200,"height":800,"caption":"Chrupi\u0105ce placki z kukurydzy"},{"@type":"BreadcrumbList","@id":"https:\/\/smakivera.pl\/chrupiace-placki-z-kukurydzy\/#breadcrumb","itemListElement":[{"@type":"ListItem","position":1,"name":"Strona g\u0142\u00f3wna","item":"https:\/\/smakivera.pl\/"},{"@type":"ListItem","position":2,"name":"Chrupi\u0105ce placki z kukurydzy"}]},{"@type":"WebSite","@id":"https:\/\/smakivera.pl\/#website","url":"https:\/\/smakivera.pl\/","name":"VERA - \u0446\u0456\u043b\u0438\u0439 \u0441\u0432\u0456\u0442 \u043d\u0430 \u0432\u0430\u0448\u0456\u0439 \u043a\u0443\u0445\u043d\u0456","description":"\u0412\u0438\u0440\u0443\u0448\u0430\u0439\u0442\u0435 \u0437 \u043d\u0430\u043c\u0438 \u0432 \u043a\u0443\u043b\u0456\u043d\u0430\u0440\u043d\u0443 \u043f\u043e\u0434\u043e\u0440\u043e\u0436... \u0434\u043e \u0441\u043e\u043d\u044f\u0447\u043d\u043e\u0457 \u0406\u0441\u043f\u0430\u043d\u0456\u0457 \u0437\u0430 \u0441\u043c\u0430\u0447\u043d\u0438\u043c\u0438 \u043e\u043b\u0456\u044f\u043c\u0438, \u0434\u043e \u0406\u0442\u0430\u043b\u0456\u0457 \u0437\u0430 \u0430\u0440\u043e\u043c\u0430\u0442\u043d\u0438\u043c\u0438 \u043f\u043e\u043c\u0456\u0434\u043e\u0440\u0430\u043c\u0438 \u0447\u0438, \u043c\u043e\u0436\u043b\u0438\u0432\u043e, \u0434\u043e \u0406\u043d\u0434\u0456\u0457 \u0437\u0430 \u0442\u0440\u043e\u043f\u0456\u0447\u043d\u0438\u043c\u0438 \u0444\u0440\u0443\u043a\u0442\u0430\u043c\u0438?","publisher":{"@id":"https:\/\/smakivera.pl\/#organization"},"potentialAction":[{"@type":"SearchAction","target":{"@type":"EntryPoint","urlTemplate":"https:\/\/smakivera.pl\/?s={search_term_string}"},"query-input":{"@type":"PropertyValueSpecification","valueRequired":true,"valueName":"search_term_string"}}],"inLanguage":"uk"},{"@type":"Organization","@id":"https:\/\/smakivera.pl\/#organization","name":"VERA - \u0417\u0430\u043f\u0440\u043e\u0441\u0456\u0442\u044c \u0432\u0435\u0441\u044c \u0441\u0432\u0456\u0442 \u043d\u0430 \u0441\u0432\u043e\u044e \u043a\u0443\u0445\u043d\u044e","url":"https:\/\/smakivera.pl\/","logo":{"@type":"ImageObject","inLanguage":"uk","@id":"https:\/\/smakivera.pl\/#\/schema\/logo\/image\/","url":"https:\/\/smakivera.pl\/wp-content\/uploads\/2021\/02\/vera-gastronomia.png","contentUrl":"https:\/\/smakivera.pl\/wp-content\/uploads\/2021\/02\/vera-gastronomia.png","width":200,"height":200,"caption":"VERA - Zapro\u015b ca\u0142y \u015bwiat do swojej kuchni"},"image":{"@id":"https:\/\/smakivera.pl\/#\/schema\/logo\/image\/"},"sameAs":["https:\/\/www.facebook.com\/smakivera","https:\/\/www.instagram.com\/smakivera\/","https:\/\/pl.pinterest.com\/smakivera"]},{"@type":"Person","@id":"https:\/\/smakivera.pl\/#\/schema\/person\/b887003a4f394080457d8357307cf22e","name":"veradmn","image":{"@type":"ImageObject","inLanguage":"uk","@id":"https:\/\/smakivera.pl\/#\/schema\/person\/image\/","url":"https:\/\/secure.gravatar.com\/avatar\/edc26caae6d3ca5e735ed5d070aecf6e10266738e4addc0d92b44360a0365c34?s=96&d=mm&r=g","contentUrl":"https:\/\/secure.gravatar.com\/avatar\/edc26caae6d3ca5e735ed5d070aecf6e10266738e4addc0d92b44360a0365c34?s=96&d=mm&r=g","caption":"veradmn"},"sameAs":["https:\/\/smakivera.pl"],"url":"https:\/\/smakivera.pl\/ua\/author\/veradmn\/"}]}},"_links":{"self":[{"href":"https:\/\/smakivera.pl\/ua\/wp-json\/wp\/v2\/posts\/9794","targetHints":{"allow":["GET"]}}],"collection":[{"href":"https:\/\/smakivera.pl\/ua\/wp-json\/wp\/v2\/posts"}],"about":[{"href":"https:\/\/smakivera.pl\/ua\/wp-json\/wp\/v2\/types\/post"}],"author":[{"embeddable":true,"href":"https:\/\/smakivera.pl\/ua\/wp-json\/wp\/v2\/users\/1"}],"replies":[{"embeddable":true,"href":"https:\/\/smakivera.pl\/ua\/wp-json\/wp\/v2\/comments?post=9794"}],"version-history":[{"count":8,"href":"https:\/\/smakivera.pl\/ua\/wp-json\/wp\/v2\/posts\/9794\/revisions"}],"predecessor-version":[{"id":9805,"href":"https:\/\/smakivera.pl\/ua\/wp-json\/wp\/v2\/posts\/9794\/revisions\/9805"}],"wp:featuredmedia":[{"embeddable":true,"href":"https:\/\/smakivera.pl\/ua\/wp-json\/wp\/v2\/media\/9799"}],"wp:attachment":[{"href":"https:\/\/smakivera.pl\/ua\/wp-json\/wp\/v2\/media?parent=9794"}],"wp:term":[{"taxonomy":"category","embeddable":true,"href":"https:\/\/smakivera.pl\/ua\/wp-json\/wp\/v2\/categories?post=9794"},{"taxonomy":"post_tag","embeddable":true,"href":"https:\/\/smakivera.pl\/ua\/wp-json\/wp\/v2\/tags?post=9794"}],"curies":[{"name":"wp","href":"https:\/\/api.w.org\/{rel}","templated":true}]}}